{"id":123688,"date":"2025-10-11T12:30:49","date_gmt":"2025-10-11T15:30:49","guid":{"rendered":"https:\/\/blogdoedvaldomagalhaes.com.br\/?p=123688"},"modified":"2025-10-11T22:55:46","modified_gmt":"2025-10-12T01:55:46","slug":"25o-festeic-vai-levar-espetaculos-de-teatro-para-criancas-e-adultos-de-caruaru","status":"publish","type":"post","link":"https:\/\/blogdoedvaldomagalhaes.com.br\/index.php\/2025\/10\/11\/25o-festeic-vai-levar-espetaculos-de-teatro-para-criancas-e-adultos-de-caruaru\/","title":{"rendered":"25\u00ba FESTEIC vai levar espet\u00e1culos de teatro para crian\u00e7as e adultos de Caruaru"},"content":{"rendered":"<p>16 espet\u00e1culos comp\u00f5em a programa\u00e7\u00e3o que acontece entre os dias 13 e 19 de outubro, no Teatro Jo\u00e3o Lyra Filhos. O Festival valoriza profissionais de teatro da regi\u00e3o.<br \/>\nO Agreste sedia no m\u00eas das crian\u00e7as a 25\u00aa edi\u00e7\u00e3o do FESTEIC \u2013 Festival de Esquetes e Teatro Estudantil e Infantil de Caruaru. O evento acontecer\u00e1 de 13 a 19 de outubro, no Teatro Jo\u00e3o Lyra Filho, com ingressos no valor \u00fanico de R$ 10 e podem ser adquiridos na plataforma Sympla e bilheteria do Teatro Jo\u00e3o Lyra Filho.   Neste ano, o festival realizado pela ASSARTIC (Associa\u00e7\u00e3o dos Artistas de Caruaru) que tem como produtor J\u00f4 Albuquerque e coordena\u00e7\u00e3o de produ\u00e7\u00e3o Rafael Amancio. O evento homenageia o poeta, educador e ator L\u00eddio Cavalcanti (in memoria), e a Atriz Creuza Soares. Artistas que contribu\u00edram para a hist\u00f3ria do teatro caruaruense.<br \/>\nA programa\u00e7\u00e3o conta com espet\u00e1culos infantis, nos per\u00edodos da manh\u00e3 \u00e0s 10h(apenas s\u00e1bado e domingo) e da tarde \u00e0s 15h (durante a semana), e adultos \u00e0s 20h no per\u00edodo da noite em todos os dias de programa\u00e7\u00e3o com debates e avalia\u00e7\u00f5es da comiss\u00e3o do festival composta por Paula Monteiro, Rafael Amancio, Francisco Neto e Wedson Garcia. A programa\u00e7\u00e3o tr\u00e1s espet\u00e1culos das cidades pernambucanas Caruaru, Recife, Garanhuns, Pombos, Lagoa de Itaenga, Vit\u00f3ria de Santo Ant\u00e3o, de Alagoas Taquarana da Para\u00edba Bayeux. Espet\u00e1culos, classifica\u00e7\u00e3o e horarios pode ser acompanhada atrav\u00e9s do instagram @teatrojoaolyrafilho. O evento teve recorde de inscri\u00e7\u00f5es em 2024 e, nesta edi\u00e7\u00e3o, tem uma agenda com 19 atra\u00e7\u00f5es. Al\u00e9m das apresenta\u00e7\u00f5es, o FESTEIC est\u00e1 sendo custeado pela pr\u00f3pria associa\u00e7\u00e3o. E conta com a parceria e apoio do SATED -PE (Sindicato dos Artistas e T\u00e9cnicos em Espet\u00e1culos de Divers\u00e3o no Estado de Pernambuco), FETEAPE (Federa\u00e7\u00e3o de Teatro de PE),  Col\u00e9gio Conect 10 anos de hist\u00f3ria.<\/p>\n<p><img loading=\"lazy\" decoding=\"async\" src=\"https:\/\/blogdoedvaldomagalhaes.com.br\/wp-content\/uploads\/2025\/10\/img-20251011-wa00852589437353213355290.jpg\" class=\"alignnone size-full wp-image-123692\" width=\"1188\" height=\"792\" srcset=\"https:\/\/blogdoedvaldomagalhaes.com.br\/wp-content\/uploads\/2025\/10\/img-20251011-wa00852589437353213355290.jpg 1188w, https:\/\/blogdoedvaldomagalhaes.com.br\/wp-content\/uploads\/2025\/10\/img-20251011-wa00852589437353213355290-300x200.jpg 300w, https:\/\/blogdoedvaldomagalhaes.com.br\/wp-content\/uploads\/2025\/10\/img-20251011-wa00852589437353213355290-1024x683.jpg 1024w, https:\/\/blogdoedvaldomagalhaes.com.br\/wp-content\/uploads\/2025\/10\/img-20251011-wa00852589437353213355290-768x512.jpg 768w\" sizes=\"auto, (max-width: 1188px) 100vw, 1188px\" \/><\/p>\n<p>Programa\u00e7\u00e3o:<br \/>\n13\/10\/2025 {Segunda-feira} &#8211; 15h &#8211; Infantil<br \/>\nEspet\u00e1culo: A LUA E A FLOR<br \/>\nGrupo: Coletivo Teatral Sonha Gue D\u00e1<br \/>\nDramaturgia: Edilson Gomes<br \/>\nDiretor: Cristiano Costa<br \/>\nDura\u00e7\u00e3o: 50m<br \/>\nCidade: Bayeux &#8211; PB<br \/>\n20h &#8211; Classifica\u00e7\u00e3o 18 Anos<br \/>\nEspet\u00e1culo: NARCISO<br \/>\nGrupo: Tabuleiro de Teatro<br \/>\nDramaturgia: Caio Capil\u00e9 &#8211; Monologo<br \/>\nDire\u00e7\u00e3o: Felipe Vidal<br \/>\nDura\u00e7\u00e3o: 25m<br \/>\nCidade: Caruaru-PE .<br \/>\n14\/10\/2025 {Ter\u00e7a-feira} &#8211; 15h &#8211; Infantil<br \/>\nEspet\u00e1culo: O PANTEL DA MATA<br \/>\nGrupo: Movimento Emcena<br \/>\nDramaturgia: Gasparina Miranda<br \/>\nDire\u00e7\u00e3o: Wesley Wolf<br \/>\nDura\u00e7\u00e3o: 45m .<br \/>\nCidade: Pombos-PE<br \/>\n20h &#8211; Classifica\u00e7\u00e3o 14 Anos<br \/>\nEspet\u00e1culo: REINO DE SANGUE<br \/>\nGrupo: Cen\u2019Art<br \/>\nDramaturgia: Geiviano Garcia<br \/>\nDire\u00e7\u00e3o: Karla Dayane<br \/>\nDura\u00e7\u00e3o: 30m .<br \/>\nCidade: Caruaru-PE<br \/>\n15\/10\/2025 {Quarta-feira} &#8211; 15h &#8211; Infantil<br \/>\nEspet\u00e1culo: DE VOLTA A OZ<br \/>\nNome do Grupo: Grupo Teatral Vid\u2019Art<br \/>\nDramaturgia\/Dire\u00e7\u00e3o: L\u00e1zaro Santos<br \/>\nDura\u00e7\u00e3o: 45m<br \/>\nCidade: Vit\u00f3ria de Santo Ant\u00e3o-PE<br \/>\n20h &#8211; Classifica\u00e7\u00e3o Livre<br \/>\nEspet\u00e1culo: BOLO, CAF\u00c9 E SUCO DE MARACUJ\u00c1<br \/>\nGrupo: Lume<br \/>\nDramaturgia\/Dire\u00e7\u00e3o: Anthony Teles<br \/>\nDura\u00e7\u00e3o: 15 minutos<br \/>\nCidade: Garanhuns-PE<br \/>\n16\/10\/2025 {Quinta-feira} &#8211; 15h &#8211; Infantil<br \/>\nEspet\u00e1culo: O CASAMENTO DE DONA BARATINHA<br \/>\nGrupo: Cen\u2019Ater<br \/>\nDramaturgia: Ana Maria Machado<br \/>\nDire\u00e7\u00e3o: Karla Dayane<br \/>\nDura\u00e7\u00e3o: 40m .<br \/>\nCidade: Caruaru-PE<br \/>\n16\/10\/2025 {Quinta-feira} &#8211; 20h &#8211; Classifica\u00e7\u00e3o 18 Anos<br \/>\nEspet\u00e1culo: UM CHEIRO INS\u00d3LITO<br \/>\nGrupo: Teatro Camboio de Doido<br \/>\nDramaturgia: Igor Rozza \/ Iriwelton Caetano<br \/>\nDire\u00e7\u00e3o: Iriwelton Caetano<br \/>\nDura\u00e7\u00e3o: 30m<br \/>\nCidade: Taquarana-AL<br \/>\n17\/10\/2025 {Sexta-feira} &#8211; I15h &#8211; Infantil<br \/>\nEspet\u00e1culo: AS CR\u00d4NICAS DOS GATOS SEM LAR<br \/>\nGrupo: Seradar<br \/>\nDramaturgia: C\u00e9zar Le\u00e3o<br \/>\nDire\u00e7\u00e3o: Thamiris Mendes.<br \/>\nDura\u00e7\u00e3o: 40m<br \/>\nCidade: Vit\u00f3ria de Santo Ant\u00e3o-PE<br \/>\n20h &#8211; Classifica\u00e7\u00e3o 14 Anos<br \/>\nEspet\u00e1culo: CORPOS EM TRAVESSIA<br \/>\nGrupo: Depoteose de Teatro &#8211;<br \/>\nDramaturgia: Autoral<br \/>\nDire\u00e7\u00e3o: Franklin Menezes<br \/>\nDura\u00e7\u00e3o: 30m .<br \/>\nCidade: Recife-PE<br \/>\n18\/10\/2025 {S\u00e1bado} &#8211; 10h &#8211; Infantil<br \/>\nEspet\u00e1culo: AVOANTES BRINCANTES DO FUTURO<br \/>\nGrupo: Brincantes do Futuro<br \/>\nDramaturgia\/Dire\u00e7\u00e3o: Emerson Coelho<br \/>\nDura\u00e7\u00e3o: 45m<br \/>\nCidade: Pombos-PE<br \/>\n15h &#8211; Infantil<br \/>\nEspet\u00e1culo: FLICTS &#8211; Era Uma Vez Uma Cor&#8230;<br \/>\nGrupo: Pane Produ\u00e7\u00f5es Art\u00edsticas<br \/>\nDramaturgia: Baseado: Na obra de Ziraldo<br \/>\nAdapta\u00e7\u00e3o\/Dire\u00e7\u00e3o: Pacheco Neto<br \/>\nDura\u00e7\u00e3o: 50m .<br \/>\nCidade: Garanhuns-PE<br \/>\n20h &#8211; Classifica\u00e7\u00e3o 16 Anos<br \/>\nEspet\u00e1culo: A (H\u00c1) UM PASSO<br \/>\nGrupo: Marcelo Francisco Produ\u00e7\u00f5es Art\u00edsticas<br \/>\nDramaturgia\/Dire\u00e7\u00e3o: Marcelo Francisco<br \/>\nDura\u00e7\u00e3o: 25m<br \/>\nCidade: Garanhuns-PE<br \/>\n21h &#8211; Classifica\u00e7\u00e3o 14 Anos<br \/>\nEspet\u00e1culo: A TEMPESTADE DE C\u00c9SAR<br \/>\nGrupo: Coletivo Tempestade<br \/>\nDramaturgia: Gabriel Oliveira<br \/>\nDire\u00e7\u00e3o; Diogo Cabral<br \/>\nDura\u00e7\u00e3o: 30m<br \/>\nCidade: Recife-PE<br \/>\n19\/10\/2025 {Domingo} &#8211; 10h &#8211; Infantil<br \/>\nEspet\u00e1culo: TODA VEZ QUE DOU UM PASSO, O MUNDO SA\u00cd DO LUGAR<br \/>\nGrupo: T\u00f4 Ligades<br \/>\nDramaturgia: Adriana Freitas e Grupo<br \/>\nDire\u00e7\u00e3o: Adriana Freitas<br \/>\nDura\u00e7\u00e3o: 45m<br \/>\nCidade: Lagoa de Itaenga-PE<br \/>\n15h &#8211; Infantil<br \/>\nEspet\u00e1culo: O M\u00c1GICO Di \u00d3<br \/>\nGrupo: Cia. Art\u00edstica Brincantes.<br \/>\nDramaturgia: Vitor Rocha<br \/>\nAdapta\u00e7\u00e3o: Luiz Filho de Andrade<br \/>\nDura\u00e7\u00e3o: 60m<br \/>\nCidade: Afogados da Ingazeira\/PE<br \/>\nHomenageados:<br \/>\nCreuza Soares &#8211; Atriz<br \/>\nL\u00edudio Cavalcanti &#8211; Ator (em Mem\u00f3ria)<br \/>\nCol\u00e9gio CONECT- !0 Anos de Hist\u00f3ria!<br \/>\nEnceramento: 19h<br \/>\nConvidado: Coral Madrigal de Caruaru (Patrim\u00f4nio Vivo de Caruaru)<br \/>\nConvidado Para o Cerimonial: Encantos e Cores &#8211; Trupe NT Produ\u00e7\u00f5es<br \/>\nPremia\u00e7\u00e3o as 20hm<br \/>\nComiss\u00e3o:<br \/>\nMEDIADOR DOS DEBATES: Professor Marcelo Nunes<br \/>\nCOMISS\u00c3O DE AVALIA\u00c7\u00c3O: Espet\u00e1culos Infantis:<br \/>\nProfessores de Teatro<br \/>\nPaula Monteiro (Professora de letras &#8211; Teatro)<br \/>\nFrancisco Neto (Professor de letras &#8211; Teatro)<br \/>\nRafael Am\u00e2ncio (Jornalista e professor de Teatro)<br \/>\nComiss\u00e3o dos Esquetes:<br \/>\nFrancisco Neto (Professor de letras &#8211; Teatro)<br \/>\nWedson Garcia (Professor de artes)<br \/>\nFrancisco Torres (Professor de teatro &#8211; Ator da Globo)<br \/>\nSiga o Instagram @poetaledvaldomagalhaes<br \/>\nFotos: Divulga\u00e7\u00e3o<\/p>\n","protected":false},"excerpt":{"rendered":"<p>16 espet\u00e1culos comp\u00f5em a programa\u00e7\u00e3o que acontece entre os dias 13 e 19 de outubro, no Teatro Jo\u00e3o Lyra Filhos.&hellip;<\/p>\n","protected":false},"author":1,"featured_media":123689,"comment_status":"closed","ping_status":"open","sticky":false,"template":"","format":"standard","meta":{"footnotes":""},"categories":[14120],"tags":[],"class_list":["post-123688","post","type-post","status-publish","format-standard","has-post-thumbnail","hentry","category-noticias"],"_links":{"self":[{"href":"https:\/\/blogdoedvaldomagalhaes.com.br\/index.php\/wp-json\/wp\/v2\/posts\/123688","targetHints":{"allow":["GET"]}}],"collection":[{"href":"https:\/\/blogdoedvaldomagalhaes.com.br\/index.php\/wp-json\/wp\/v2\/posts"}],"about":[{"href":"https:\/\/blogdoedvaldomagalhaes.com.br\/index.php\/wp-json\/wp\/v2\/types\/post"}],"author":[{"embeddable":true,"href":"https:\/\/blogdoedvaldomagalhaes.com.br\/index.php\/wp-json\/wp\/v2\/users\/1"}],"replies":[{"embeddable":true,"href":"https:\/\/blogdoedvaldomagalhaes.com.br\/index.php\/wp-json\/wp\/v2\/comments?post=123688"}],"version-history":[{"count":2,"href":"https:\/\/blogdoedvaldomagalhaes.com.br\/index.php\/wp-json\/wp\/v2\/posts\/123688\/revisions"}],"predecessor-version":[{"id":123693,"href":"https:\/\/blogdoedvaldomagalhaes.com.br\/index.php\/wp-json\/wp\/v2\/posts\/123688\/revisions\/123693"}],"wp:featuredmedia":[{"embeddable":true,"href":"https:\/\/blogdoedvaldomagalhaes.com.br\/index.php\/wp-json\/wp\/v2\/media\/123689"}],"wp:attachment":[{"href":"https:\/\/blogdoedvaldomagalhaes.com.br\/index.php\/wp-json\/wp\/v2\/media?parent=123688"}],"wp:term":[{"taxonomy":"category","embeddable":true,"href":"https:\/\/blogdoedvaldomagalhaes.com.br\/index.php\/wp-json\/wp\/v2\/categories?post=123688"},{"taxonomy":"post_tag","embeddable":true,"href":"https:\/\/blogdoedvaldomagalhaes.com.br\/index.php\/wp-json\/wp\/v2\/tags?post=123688"}],"curies":[{"name":"wp","href":"https:\/\/api.w.org\/{rel}","templated":true}]}}