{"id":123682,"date":"2025-10-11T09:58:23","date_gmt":"2025-10-11T12:58:23","guid":{"rendered":"https:\/\/blogdoedvaldomagalhaes.com.br\/?p=123682"},"modified":"2025-10-11T22:49:05","modified_gmt":"2025-10-12T01:49:05","slug":"caravana-estacao-crianca-com-arte-cultura-e-lazer-em-varias-comunidades-de-caruaru","status":"publish","type":"post","link":"https:\/\/blogdoedvaldomagalhaes.com.br\/index.php\/2025\/10\/11\/caravana-estacao-crianca-com-arte-cultura-e-lazer-em-varias-comunidades-de-caruaru\/","title":{"rendered":"\u201cCaravana Esta\u00e7\u00e3o Crian\u00e7a\u201d com arte, cultura e lazer em v\u00e1rias comunidades de Caruaru"},"content":{"rendered":"<p>A Secretaria de Assist\u00eancia Social e Combate \u00e0 Fome (SAS), atrav\u00e9s do Servi\u00e7o de Conviv\u00eancia e Fortalecimento de V\u00ednculos (SCFV) e do Programa Primeira Inf\u00e2ncia no SUAS \u2013 Crian\u00e7a Feliz, realiza, de 13 a 17 de outubro, o projeto Caravana Esta\u00e7\u00e3o Crian\u00e7a, em comemora\u00e7\u00e3o \u00e0 Semana da Crian\u00e7a. <\/p>\n<p>A iniciativa valoriza a inf\u00e2ncia e o brincar como direito, promovendo atividades culturais, art\u00edsticas e recreativas em diferentes comunidades do munic\u00edpio. O p\u00fablico-alvo s\u00e3o crian\u00e7as de 0 a 6 anos acompanhadas pelo Programa Crian\u00e7a Feliz, crian\u00e7as e adolescentes de 6 a 14 anos vinculados ao SCFV, al\u00e9m de suas fam\u00edlias e comunidades locais.<\/p>\n<p>A programa\u00e7\u00e3o inclui esta\u00e7\u00f5es tem\u00e1ticas com brincadeiras, oficinas criativas, apresenta\u00e7\u00f5es musicais, teatro e show circense, conduzidas por arte-educadores e equipes da SAS.<\/p>\n<p>Cronograma:<br \/>\n\t\u2022\t13\/10 (segunda): CRAS Taquara \u2013 1\u00ba Distrito | 9h \u00e0s 11h<br \/>\n\t\u2022\t14\/10 (ter\u00e7a): CRAS Xicuru \u2013 4\u00ba Distrito | 14h \u00e0s 16h<br \/>\n\t\u2022\t15\/10 (quarta): CRAS Malhada de Pedra \u2013 3\u00ba Distrito | 9h \u00e0s 11h<br \/>\n\t\u2022\t16\/10 (quinta): CRAS Ita\u00fana \u2013 2\u00ba Distrito | 14h \u00e0s 16h<br \/>\n\t\u2022\t17\/10 (sexta): Parque Ambientalista Severino Montenegro | 9h \u00e0s 11h<\/p>\n<p>O projeto reafirma o compromisso do munic\u00edpio de Caruaru com a prote\u00e7\u00e3o e valoriza\u00e7\u00e3o da inf\u00e2ncia, fortalecendo v\u00ednculos familiares e comunit\u00e1rios.<br \/>\nSeja seguidor do Instagram @portaledvaldomagalhaes<br \/>\nFoto: Divulga\u00e7\u00e3o <\/p>\n","protected":false},"excerpt":{"rendered":"<p>A Secretaria de Assist\u00eancia Social e Combate \u00e0 Fome (SAS), atrav\u00e9s do Servi\u00e7o de Conviv\u00eancia e Fortalecimento de V\u00ednculos (SCFV)&hellip;<\/p>\n","protected":false},"author":1,"featured_media":123683,"comment_status":"closed","ping_status":"open","sticky":false,"template":"","format":"standard","meta":{"footnotes":""},"categories":[14120],"tags":[34954,13146,34634],"class_list":["post-123682","post","type-post","status-publish","format-standard","has-post-thumbnail","hentry","category-noticias","tag-caravana-estacao-crianca-em-celebracao-a-semana-da-criana-com-arte","tag-blog-edvaldo-magalhaes","tag-portal-edvaldo-magalhaes"],"_links":{"self":[{"href":"https:\/\/blogdoedvaldomagalhaes.com.br\/index.php\/wp-json\/wp\/v2\/posts\/123682","targetHints":{"allow":["GET"]}}],"collection":[{"href":"https:\/\/blogdoedvaldomagalhaes.com.br\/index.php\/wp-json\/wp\/v2\/posts"}],"about":[{"href":"https:\/\/blogdoedvaldomagalhaes.com.br\/index.php\/wp-json\/wp\/v2\/types\/post"}],"author":[{"embeddable":true,"href":"https:\/\/blogdoedvaldomagalhaes.com.br\/index.php\/wp-json\/wp\/v2\/users\/1"}],"replies":[{"embeddable":true,"href":"https:\/\/blogdoedvaldomagalhaes.com.br\/index.php\/wp-json\/wp\/v2\/comments?post=123682"}],"version-history":[{"count":1,"href":"https:\/\/blogdoedvaldomagalhaes.com.br\/index.php\/wp-json\/wp\/v2\/posts\/123682\/revisions"}],"predecessor-version":[{"id":123684,"href":"https:\/\/blogdoedvaldomagalhaes.com.br\/index.php\/wp-json\/wp\/v2\/posts\/123682\/revisions\/123684"}],"wp:featuredmedia":[{"embeddable":true,"href":"https:\/\/blogdoedvaldomagalhaes.com.br\/index.php\/wp-json\/wp\/v2\/media\/123683"}],"wp:attachment":[{"href":"https:\/\/blogdoedvaldomagalhaes.com.br\/index.php\/wp-json\/wp\/v2\/media?parent=123682"}],"wp:term":[{"taxonomy":"category","embeddable":true,"href":"https:\/\/blogdoedvaldomagalhaes.com.br\/index.php\/wp-json\/wp\/v2\/categories?post=123682"},{"taxonomy":"post_tag","embeddable":true,"href":"https:\/\/blogdoedvaldomagalhaes.com.br\/index.php\/wp-json\/wp\/v2\/tags?post=123682"}],"curies":[{"name":"wp","href":"https:\/\/api.w.org\/{rel}","templated":true}]}}