{"id":123679,"date":"2025-10-10T21:33:25","date_gmt":"2025-10-11T00:33:25","guid":{"rendered":"https:\/\/blogdoedvaldomagalhaes.com.br\/?p=123679"},"modified":"2025-10-10T21:33:25","modified_gmt":"2025-10-11T00:33:25","slug":"compesa-conclui-pavimentacao-na-rua-capitao-joao-velho-e-via-e-liberada","status":"publish","type":"post","link":"https:\/\/blogdoedvaldomagalhaes.com.br\/index.php\/2025\/10\/10\/compesa-conclui-pavimentacao-na-rua-capitao-joao-velho-e-via-e-liberada\/","title":{"rendered":"Compesa conclui pavimenta\u00e7\u00e3o na Rua Capit\u00e3o Jo\u00e3o Velho e via \u00e9 liberada"},"content":{"rendered":"<p>A Compesa concluiu, no in\u00edcio da noite de hoje (10.10), 48 horas antes do prazo previsto, os servi\u00e7os de pavimenta\u00e7\u00e3o na Rua Capit\u00e3o Jo\u00e3o Velho, no centro de Caruaru, onde foi executada uma obra de esgoto. Por volta das 21h, o tr\u00e2nsito ser\u00e1  liberado pela  autarquia municipal de tr\u00e2nsito. <\/p>\n<p>Os servi\u00e7os inclu\u00edram a troca de 42 metros de tubula\u00e7\u00f5es da rede coletora de esgoto ap\u00f3s a identifica\u00e7\u00e3o de um abatimento em trecho da Rua Capit\u00e3o Jo\u00e3o Velho. Ap\u00f3s o diagn\u00f3stico, os t\u00e9cnicos perceberam que as tubula\u00e7\u00f5es, que comp\u00f5em o coletor principal de esgoto da \u00e1rea central de Caruaru, estavam danificadas e que a melhor op\u00e7\u00e3o seria a substitui\u00e7\u00e3o dos tubos.  <\/p>\n<p>Essa etapa foi finalizada ontem (09.10) e, em seguida, o fechamento da vala. Nesta sexta-feira, foi executado o servi\u00e7o de pavimenta\u00e7\u00e3o, possibilitando a libera\u00e7\u00e3o da via ao tr\u00e1fego de ve\u00edculos. A Compesa mobilizou equipes para agilizar essa a\u00e7\u00e3o, uma vez que a via \u00e9 de grande import\u00e2ncia para a fluidez do tr\u00e2nsito no Centro.<\/p>\n<p>A obra  emergencial de esgoto teve in\u00edcio na \u00faltima quarta-feira (08.10). A escava\u00e7\u00e3o come\u00e7ou no mesmo dia e se estendeu pela madrugada. Ontem e hoje o trabalho foi intenso para antecipar a conclus\u00e3o do servi\u00e7o.<br \/>\nSeja seguidor do Instagram @portaledvaldomagalhaes<br \/>\nFotos: Divulga\u00e7\u00e3o <\/p>\n","protected":false},"excerpt":{"rendered":"<p>A Compesa concluiu, no in\u00edcio da noite de hoje (10.10), 48 horas antes do prazo previsto, os servi\u00e7os de pavimenta\u00e7\u00e3o&hellip;<\/p>\n","protected":false},"author":1,"featured_media":123680,"comment_status":"closed","ping_status":"open","sticky":false,"template":"","format":"standard","meta":{"footnotes":""},"categories":[14120],"tags":[13146,34953,34634],"class_list":["post-123679","post","type-post","status-publish","format-standard","has-post-thumbnail","hentry","category-noticias","tag-blog-edvaldo-magalhaes","tag-compesa-conclui-pavimentacao-na-rua-capitao-joao-velho-e-via-e-liberada","tag-portal-edvaldo-magalhaes"],"_links":{"self":[{"href":"https:\/\/blogdoedvaldomagalhaes.com.br\/index.php\/wp-json\/wp\/v2\/posts\/123679","targetHints":{"allow":["GET"]}}],"collection":[{"href":"https:\/\/blogdoedvaldomagalhaes.com.br\/index.php\/wp-json\/wp\/v2\/posts"}],"about":[{"href":"https:\/\/blogdoedvaldomagalhaes.com.br\/index.php\/wp-json\/wp\/v2\/types\/post"}],"author":[{"embeddable":true,"href":"https:\/\/blogdoedvaldomagalhaes.com.br\/index.php\/wp-json\/wp\/v2\/users\/1"}],"replies":[{"embeddable":true,"href":"https:\/\/blogdoedvaldomagalhaes.com.br\/index.php\/wp-json\/wp\/v2\/comments?post=123679"}],"version-history":[{"count":1,"href":"https:\/\/blogdoedvaldomagalhaes.com.br\/index.php\/wp-json\/wp\/v2\/posts\/123679\/revisions"}],"predecessor-version":[{"id":123681,"href":"https:\/\/blogdoedvaldomagalhaes.com.br\/index.php\/wp-json\/wp\/v2\/posts\/123679\/revisions\/123681"}],"wp:featuredmedia":[{"embeddable":true,"href":"https:\/\/blogdoedvaldomagalhaes.com.br\/index.php\/wp-json\/wp\/v2\/media\/123680"}],"wp:attachment":[{"href":"https:\/\/blogdoedvaldomagalhaes.com.br\/index.php\/wp-json\/wp\/v2\/media?parent=123679"}],"wp:term":[{"taxonomy":"category","embeddable":true,"href":"https:\/\/blogdoedvaldomagalhaes.com.br\/index.php\/wp-json\/wp\/v2\/categories?post=123679"},{"taxonomy":"post_tag","embeddable":true,"href":"https:\/\/blogdoedvaldomagalhaes.com.br\/index.php\/wp-json\/wp\/v2\/tags?post=123679"}],"curies":[{"name":"wp","href":"https:\/\/api.w.org\/{rel}","templated":true}]}}