{"id":123638,"date":"2025-10-09T17:53:56","date_gmt":"2025-10-09T20:53:56","guid":{"rendered":"https:\/\/blogdoedvaldomagalhaes.com.br\/?p=123638"},"modified":"2025-10-09T17:57:46","modified_gmt":"2025-10-09T20:57:46","slug":"parceria-entre-rodrigo-pinheiro-e-raquel-lyra-garante-novos-investimentos-para-educacao-e-infraestrutura-em-caruaru","status":"publish","type":"post","link":"https:\/\/blogdoedvaldomagalhaes.com.br\/index.php\/2025\/10\/09\/parceria-entre-rodrigo-pinheiro-e-raquel-lyra-garante-novos-investimentos-para-educacao-e-infraestrutura-em-caruaru\/","title":{"rendered":"Parceria entre Rodrigo Pinheiro e Raquel Lyra garante novos investimentos para educa\u00e7\u00e3o e infraestrutura em Caruaru"},"content":{"rendered":"<p>Na manh\u00e3 desta quinta-feira (9), o prefeito de Caruaru, Rodrigo Pinheiro (PSD), acompanhou a governadora Raquel Lyra (PSD) durante uma s\u00e9rie de an\u00fancios importantes para o munic\u00edpio. As a\u00e7\u00f5es reafirmam a parceria entre a Prefeitura e o Governo do Estado, com investimentos voltados para educa\u00e7\u00e3o, infraestrutura e desenvolvimento econ\u00f4mico. O destaque da agenda foi o an\u00fancio da nova Feira do Gado, que passar\u00e1 a se chamar Parque Pecu\u00e1rio Fernando Lucena.<\/p>\n<p>Com investimento superior a R$ 10 milh\u00f5es, a nova feira ser\u00e1 constru\u00edda \u00e0s margens da BR-104, em uma \u00e1rea de 42 mil m\u00b2, por meio da Ag\u00eancia de Desenvolvimento Econ\u00f4mico de Pernambuco (Adepe), em parceria com a Prefeitura de Caruaru. Rodrigo Pinheiro enfatizou que o projeto foi constru\u00eddo de forma coletiva, com participa\u00e7\u00e3o dos comerciantes, for\u00e7as de seguran\u00e7a e sociedade civil. A Prefeitura est\u00e1 concluindo a terraplanagem do terreno, e a obra est\u00e1 prevista para iniciar no pr\u00f3ximo m\u00eas.<\/p>\n<p><img loading=\"lazy\" decoding=\"async\" src=\"https:\/\/blogdoedvaldomagalhaes.com.br\/wp-content\/uploads\/2025\/10\/img-20251009-wa01624706228582032287799.jpg\" class=\"wp-image-123641 alignnone size-full\" width=\"1600\" height=\"1068\" srcset=\"https:\/\/blogdoedvaldomagalhaes.com.br\/wp-content\/uploads\/2025\/10\/img-20251009-wa01624706228582032287799.jpg 1600w, https:\/\/blogdoedvaldomagalhaes.com.br\/wp-content\/uploads\/2025\/10\/img-20251009-wa01624706228582032287799-300x200.jpg 300w, https:\/\/blogdoedvaldomagalhaes.com.br\/wp-content\/uploads\/2025\/10\/img-20251009-wa01624706228582032287799-1024x684.jpg 1024w, https:\/\/blogdoedvaldomagalhaes.com.br\/wp-content\/uploads\/2025\/10\/img-20251009-wa01624706228582032287799-768x513.jpg 768w, https:\/\/blogdoedvaldomagalhaes.com.br\/wp-content\/uploads\/2025\/10\/img-20251009-wa01624706228582032287799-1536x1025.jpg 1536w\" sizes=\"auto, (max-width: 1600px) 100vw, 1600px\" \/><\/p>\n<p>Durante a visita, tamb\u00e9m foi feita a vistoria da constru\u00e7\u00e3o do Centro de Educa\u00e7\u00e3o Infantil (CEI) no bairro Xique-Xique, com investimento de R$ 4,6 milh\u00f5es do Governo do Estado. O prefeito destacou que o novo equipamento ser\u00e1 o maior e mais moderno da cidade, refletindo o compromisso da gest\u00e3o estadual com a educa\u00e7\u00e3o de qualidade. Ele ainda mencionou outras a\u00e7\u00f5es conjuntas, como a constru\u00e7\u00e3o de creches, estradas e cozinhas comunit\u00e1rias.<\/p>\n<p>A governadora assinou ainda a ordem de servi\u00e7o para pavimenta\u00e7\u00e3o de ruas no bairro Indian\u00f3polis, com recursos de R$ 659,5 mil. Rodrigo lembrou que obras semelhantes est\u00e3o em andamento por toda a cidade, tanto na \u00e1rea urbana quanto na zona rural, fruto da integra\u00e7\u00e3o entre os governos municipal e estadual. \u201cEssa parceria tem feito a diferen\u00e7a na vida das pessoas\u201d, destacou.<\/p>\n<p><img loading=\"lazy\" decoding=\"async\" src=\"https:\/\/blogdoedvaldomagalhaes.com.br\/wp-content\/uploads\/2025\/10\/img-20251009-wa01634774208126059017438.jpg\" class=\"wp-image-123642 alignnone size-full\" width=\"1600\" height=\"1068\" srcset=\"https:\/\/blogdoedvaldomagalhaes.com.br\/wp-content\/uploads\/2025\/10\/img-20251009-wa01634774208126059017438.jpg 1600w, https:\/\/blogdoedvaldomagalhaes.com.br\/wp-content\/uploads\/2025\/10\/img-20251009-wa01634774208126059017438-300x200.jpg 300w, https:\/\/blogdoedvaldomagalhaes.com.br\/wp-content\/uploads\/2025\/10\/img-20251009-wa01634774208126059017438-1024x684.jpg 1024w, https:\/\/blogdoedvaldomagalhaes.com.br\/wp-content\/uploads\/2025\/10\/img-20251009-wa01634774208126059017438-768x513.jpg 768w, https:\/\/blogdoedvaldomagalhaes.com.br\/wp-content\/uploads\/2025\/10\/img-20251009-wa01634774208126059017438-1536x1025.jpg 1536w\" sizes=\"auto, (max-width: 1600px) 100vw, 1600px\" \/><\/p>\n<p>Ao final, o prefeito agradeceu \u00e0 governadora pelo empenho e reafirmou seu apoio \u00e0 continuidade dessa alian\u00e7a. \u201cA popula\u00e7\u00e3o reconhece o trabalho que est\u00e1 sendo feito em Pernambuco. Tenho certeza de que vamos seguir juntos, com a\u00e7\u00f5es que fazem Caruaru e o Estado avan\u00e7arem cada vez mais\u201d, concluiu Rodrigo Pinheiro.<br \/>\nSeja seguidor do Instagram @portaledvaldomagalhaes<br \/>\nFotos: Rafael Moreira<\/p>\n","protected":false},"excerpt":{"rendered":"<p>Na manh\u00e3 desta quinta-feira (9), o prefeito de Caruaru, Rodrigo Pinheiro (PSD), acompanhou a governadora Raquel Lyra (PSD) durante uma&hellip;<\/p>\n","protected":false},"author":1,"featured_media":123639,"comment_status":"closed","ping_status":"open","sticky":false,"template":"","format":"standard","meta":{"footnotes":""},"categories":[14120],"tags":[13146,34941,20,34634,1229,1766],"class_list":["post-123638","post","type-post","status-publish","format-standard","has-post-thumbnail","hentry","category-noticias","tag-blog-edvaldo-magalhaes","tag-parceria-entre-rodrigo-pinheiro-e-raquel-lyra-garante-novos-investimentos-para-educacao-e-infraestrutura-em-caruaru","tag-politica","tag-portal-edvaldo-magalhaes","tag-raquel-lyra","tag-rodrigo-pinheiro"],"_links":{"self":[{"href":"https:\/\/blogdoedvaldomagalhaes.com.br\/index.php\/wp-json\/wp\/v2\/posts\/123638","targetHints":{"allow":["GET"]}}],"collection":[{"href":"https:\/\/blogdoedvaldomagalhaes.com.br\/index.php\/wp-json\/wp\/v2\/posts"}],"about":[{"href":"https:\/\/blogdoedvaldomagalhaes.com.br\/index.php\/wp-json\/wp\/v2\/types\/post"}],"author":[{"embeddable":true,"href":"https:\/\/blogdoedvaldomagalhaes.com.br\/index.php\/wp-json\/wp\/v2\/users\/1"}],"replies":[{"embeddable":true,"href":"https:\/\/blogdoedvaldomagalhaes.com.br\/index.php\/wp-json\/wp\/v2\/comments?post=123638"}],"version-history":[{"count":2,"href":"https:\/\/blogdoedvaldomagalhaes.com.br\/index.php\/wp-json\/wp\/v2\/posts\/123638\/revisions"}],"predecessor-version":[{"id":123643,"href":"https:\/\/blogdoedvaldomagalhaes.com.br\/index.php\/wp-json\/wp\/v2\/posts\/123638\/revisions\/123643"}],"wp:featuredmedia":[{"embeddable":true,"href":"https:\/\/blogdoedvaldomagalhaes.com.br\/index.php\/wp-json\/wp\/v2\/media\/123639"}],"wp:attachment":[{"href":"https:\/\/blogdoedvaldomagalhaes.com.br\/index.php\/wp-json\/wp\/v2\/media?parent=123638"}],"wp:term":[{"taxonomy":"category","embeddable":true,"href":"https:\/\/blogdoedvaldomagalhaes.com.br\/index.php\/wp-json\/wp\/v2\/categories?post=123638"},{"taxonomy":"post_tag","embeddable":true,"href":"https:\/\/blogdoedvaldomagalhaes.com.br\/index.php\/wp-json\/wp\/v2\/tags?post=123638"}],"curies":[{"name":"wp","href":"https:\/\/api.w.org\/{rel}","templated":true}]}}