{"id":123635,"date":"2025-10-09T17:44:30","date_gmt":"2025-10-09T20:44:30","guid":{"rendered":"https:\/\/blogdoedvaldomagalhaes.com.br\/?p=123635"},"modified":"2025-10-09T17:44:30","modified_gmt":"2025-10-09T20:44:30","slug":"anderson-correia-reforca-pedido-de-eduardo-da-fonte-por-transporte-intermunicipal-gratuito-a-pacientes-com-cancer-em-caruaru","status":"publish","type":"post","link":"https:\/\/blogdoedvaldomagalhaes.com.br\/index.php\/2025\/10\/09\/anderson-correia-reforca-pedido-de-eduardo-da-fonte-por-transporte-intermunicipal-gratuito-a-pacientes-com-cancer-em-caruaru\/","title":{"rendered":"Anderson Correia refor\u00e7a pedido de Eduardo da Fonte por transporte intermunicipal gratuito a pacientes com c\u00e2ncer em Caruaru"},"content":{"rendered":"<p>O vereador Anderson Correia (PP\/UP) e pr\u00e9-candidato a deputado estadual apresentou um anteprojeto de lei que institui o Programa de Deslocamento da Pessoa com C\u00e2ncer para Tratamento, com o objetivo de assegurar transporte gratuito intermunicipal e interestadual para pacientes oncol\u00f3gicos e um acompanhante, exclusivamente para fins de tratamento de sa\u00fade. A iniciativa refor\u00e7a o pedido do deputado federal Eduardo da Fonte (PP\/UP), que apresentou na C\u00e2mara dos Deputados o Projeto de Lei n\u00ba 4.988\/2025, com a mesma finalidade.<\/p>\n<p>O programa tem como meta garantir que os pacientes tenham acesso a centros de refer\u00eancia especializados, superando obst\u00e1culos como os altos custos e a dist\u00e2ncia dos grandes centros urbanos \u2014 fatores que muitas vezes dificultam a continuidade do tratamento, sobretudo para os mais necessitados. Para Correia, a medida representa um avan\u00e7o importante na luta por mais dignidade e qualidade de vida para os pacientes oncol\u00f3gicos.<\/p>\n<p>\u201cEssa \u00e9 uma pauta que venho trabalhando desde o in\u00edcio do meu mandato. As pessoas com c\u00e2ncer precisam de pol\u00edticas p\u00fablicas que facilitem o acesso ao tratamento e garantam mais dignidade em um momento de tanto sofrimento. \u00c9 sobre dar qualidade de vida e bem-estar a quem mais precisa. Parabenizo a iniciativa do deputado Eduardo da Fonte, que inspirou essa proposta no \u00e2mbito municipal e refor\u00e7a a import\u00e2ncia de unirmos for\u00e7as em prol dessa causa\u201d, destacou Correia.<br \/>\nSiga o Instagram @poetaledvaldomagalhaes<br \/>\nFoto: Vladimir Barreto <\/p>\n","protected":false},"excerpt":{"rendered":"<p>O vereador Anderson Correia (PP\/UP) e pr\u00e9-candidato a deputado estadual apresentou um anteprojeto de lei que institui o Programa de&hellip;<\/p>\n","protected":false},"author":1,"featured_media":123636,"comment_status":"closed","ping_status":"open","sticky":false,"template":"","format":"standard","meta":{"footnotes":""},"categories":[14122],"tags":[34940,13146,20,34634],"class_list":["post-123635","post","type-post","status-publish","format-standard","has-post-thumbnail","hentry","category-politica","tag-anderson-correia-reforca-pedido-de-eduardo-da-fonte-por-transporte-intermunicipal-gratuito-a-pacientes-com-cancer-em-caruaru","tag-blog-edvaldo-magalhaes","tag-politica","tag-portal-edvaldo-magalhaes"],"_links":{"self":[{"href":"https:\/\/blogdoedvaldomagalhaes.com.br\/index.php\/wp-json\/wp\/v2\/posts\/123635","targetHints":{"allow":["GET"]}}],"collection":[{"href":"https:\/\/blogdoedvaldomagalhaes.com.br\/index.php\/wp-json\/wp\/v2\/posts"}],"about":[{"href":"https:\/\/blogdoedvaldomagalhaes.com.br\/index.php\/wp-json\/wp\/v2\/types\/post"}],"author":[{"embeddable":true,"href":"https:\/\/blogdoedvaldomagalhaes.com.br\/index.php\/wp-json\/wp\/v2\/users\/1"}],"replies":[{"embeddable":true,"href":"https:\/\/blogdoedvaldomagalhaes.com.br\/index.php\/wp-json\/wp\/v2\/comments?post=123635"}],"version-history":[{"count":1,"href":"https:\/\/blogdoedvaldomagalhaes.com.br\/index.php\/wp-json\/wp\/v2\/posts\/123635\/revisions"}],"predecessor-version":[{"id":123637,"href":"https:\/\/blogdoedvaldomagalhaes.com.br\/index.php\/wp-json\/wp\/v2\/posts\/123635\/revisions\/123637"}],"wp:featuredmedia":[{"embeddable":true,"href":"https:\/\/blogdoedvaldomagalhaes.com.br\/index.php\/wp-json\/wp\/v2\/media\/123636"}],"wp:attachment":[{"href":"https:\/\/blogdoedvaldomagalhaes.com.br\/index.php\/wp-json\/wp\/v2\/media?parent=123635"}],"wp:term":[{"taxonomy":"category","embeddable":true,"href":"https:\/\/blogdoedvaldomagalhaes.com.br\/index.php\/wp-json\/wp\/v2\/categories?post=123635"},{"taxonomy":"post_tag","embeddable":true,"href":"https:\/\/blogdoedvaldomagalhaes.com.br\/index.php\/wp-json\/wp\/v2\/tags?post=123635"}],"curies":[{"name":"wp","href":"https:\/\/api.w.org\/{rel}","templated":true}]}}