{"id":123629,"date":"2025-10-09T17:34:49","date_gmt":"2025-10-09T20:34:49","guid":{"rendered":"https:\/\/blogdoedvaldomagalhaes.com.br\/?p=123629"},"modified":"2025-10-09T17:38:53","modified_gmt":"2025-10-09T20:38:53","slug":"cuidados-com-a-saude-mental-dos-estudantes-sao-fundamentais-na-reta-final-do-ano-letivo","status":"publish","type":"post","link":"https:\/\/blogdoedvaldomagalhaes.com.br\/index.php\/2025\/10\/09\/cuidados-com-a-saude-mental-dos-estudantes-sao-fundamentais-na-reta-final-do-ano-letivo\/","title":{"rendered":"Cuidados com a sa\u00fade mental dos estudantes s\u00e3o fundamentais na reta final do ano letivo"},"content":{"rendered":"<p>Mais de um bilh\u00e3o de pessoas no mundo vive com algum transtorno mental, como ansiedade e depress\u00e3o, segundo a Organiza\u00e7\u00e3o Mundial da Sa\u00fade (OMS). Entre os jovens, a incid\u00eancia tem aumentado e, em per\u00edodos de provas decisivas, como o Enem e demais vestibulares, a press\u00e3o por bons resultados pode intensificar os sintomas e comprometer o bem-estar.<\/p>\n<p>No Sistema GGE de Ensino, o cuidado socioemocional caminha junto com a prepara\u00e7\u00e3o acad\u00eamica. Por meio do Servi\u00e7o de Orienta\u00e7\u00e3o Educacional e Psicol\u00f3gica (SOEP), os alunos t\u00eam acesso a atendimentos individuais, acompanhamento de estudos, projetos de orienta\u00e7\u00e3o profissional e atividades voltadas ao fortalecimento da confian\u00e7a e do equil\u00edbrio emocional.<\/p>\n<p><img loading=\"lazy\" decoding=\"async\" src=\"https:\/\/blogdoedvaldomagalhaes.com.br\/wp-content\/uploads\/2025\/10\/img-20251009-wa01664774882145709551786.jpg\" class=\"wp-image-123632 alignnone size-full\" width=\"1600\" height=\"1066\" srcset=\"https:\/\/blogdoedvaldomagalhaes.com.br\/wp-content\/uploads\/2025\/10\/img-20251009-wa01664774882145709551786.jpg 1600w, https:\/\/blogdoedvaldomagalhaes.com.br\/wp-content\/uploads\/2025\/10\/img-20251009-wa01664774882145709551786-300x200.jpg 300w, https:\/\/blogdoedvaldomagalhaes.com.br\/wp-content\/uploads\/2025\/10\/img-20251009-wa01664774882145709551786-1024x682.jpg 1024w, https:\/\/blogdoedvaldomagalhaes.com.br\/wp-content\/uploads\/2025\/10\/img-20251009-wa01664774882145709551786-768x512.jpg 768w, https:\/\/blogdoedvaldomagalhaes.com.br\/wp-content\/uploads\/2025\/10\/img-20251009-wa01664774882145709551786-1536x1023.jpg 1536w\" sizes=\"auto, (max-width: 1600px) 100vw, 1600px\" \/>De acordo com a psic\u00f3loga escolar do SOEP, Luciana Rios, que atua com turmas do Ensino Fundamental 2 e do Ensino M\u00e9dio do Col\u00e9gio GGE, esse per\u00edodo exige aten\u00e7\u00e3o redobrada.<\/p>\n<p>\u201cMuitos estudantes vivenciam altos n\u00edveis de ansiedade e inseguran\u00e7a diante da expectativa de corresponder \u00e0s pr\u00f3prias metas e \u00e0s expectativas familiares. Al\u00e9m da carga intensa de estudos, surgem preocupa\u00e7\u00f5es com o desempenho, a escolha da carreira e o medo da frustra\u00e7\u00e3o, o que pode impactar diretamente o sono, a alimenta\u00e7\u00e3o e o equil\u00edbrio emocional\u201d, explica a especialista.<\/p>\n<p><img loading=\"lazy\" decoding=\"async\" src=\"https:\/\/blogdoedvaldomagalhaes.com.br\/wp-content\/uploads\/2025\/10\/img-20251009-wa01687429624107499275662.jpg\" class=\"wp-image-123633 alignnone size-full\" width=\"1600\" height=\"1204\" srcset=\"https:\/\/blogdoedvaldomagalhaes.com.br\/wp-content\/uploads\/2025\/10\/img-20251009-wa01687429624107499275662.jpg 1600w, https:\/\/blogdoedvaldomagalhaes.com.br\/wp-content\/uploads\/2025\/10\/img-20251009-wa01687429624107499275662-300x226.jpg 300w, https:\/\/blogdoedvaldomagalhaes.com.br\/wp-content\/uploads\/2025\/10\/img-20251009-wa01687429624107499275662-1024x771.jpg 1024w, https:\/\/blogdoedvaldomagalhaes.com.br\/wp-content\/uploads\/2025\/10\/img-20251009-wa01687429624107499275662-768x578.jpg 768w, https:\/\/blogdoedvaldomagalhaes.com.br\/wp-content\/uploads\/2025\/10\/img-20251009-wa01687429624107499275662-1536x1156.jpg 1536w, https:\/\/blogdoedvaldomagalhaes.com.br\/wp-content\/uploads\/2025\/10\/img-20251009-wa01687429624107499275662-160x120.jpg 160w\" sizes=\"auto, (max-width: 1600px) 100vw, 1600px\" \/><\/p>\n<p>Durante todo o ano, o GGE promove a\u00e7\u00f5es voltadas \u00e0 valoriza\u00e7\u00e3o da vida e ao bem-estar dos estudantes. S\u00e3o realizados momentos de escuta, rodas de conversa, din\u00e2micas l\u00fadicas e campanhas de conscientiza\u00e7\u00e3o sobre a import\u00e2ncia de buscar ajuda. \u201cQueremos mostrar aos alunos que pedir ajuda \u00e9 um ato de coragem e que cuidar da sa\u00fade mental \u00e9 parte fundamental dessa jornada\u201d, refor\u00e7a Luciana.<\/p>\n<p>As iniciativas tamb\u00e9m dialogam diretamente com a rotina dos vestibulandos, em um per\u00edodo marcado por press\u00e3o e expectativas. \u201cPreparar para a vida vai al\u00e9m do vestibular. Envolve estimular resili\u00eancia, empatia e a capacidade de tomar decis\u00f5es respons\u00e1veis. Esse cuidado reflete n\u00e3o apenas no desempenho acad\u00eamico, mas tamb\u00e9m no amadurecimento para os desafios que vir\u00e3o depois da escola\u201d, conclui.<\/p>\n<p>Sobre o GGE<\/p>\n<p>O GGE tem tr\u00eas unidades no Recife, uma em Aldeia, uma em Caruaru, a mais recente em Petrolina e uma em Jo\u00e3o Pessoa (PB). Com 30 anos de hist\u00f3ria e mais de sete mil alunos, do Ensino Infantil ao Ensino M\u00e9dio, o Col\u00e9gio GGE adota uma metodologia inovadora, com o exclusivo Sistema de Gest\u00e3o Pedag\u00f3gica V4. A institui\u00e7\u00e3o conta com uma equipe de professores altamente capacitados, que desenvolve projetos e a\u00e7\u00f5es voltados tanto ao conhecimento quanto \u00e0 forma\u00e7\u00e3o de valores, em parceria com as fam\u00edlias.<br \/>\nTexto: Ana Caroline<br \/>\nSiga o Instagram @portaledvaldomagalhaes<br \/>\nFotos: Divulga\u00e7\u00e3o<\/p>\n","protected":false},"excerpt":{"rendered":"<p>Mais de um bilh\u00e3o de pessoas no mundo vive com algum transtorno mental, como ansiedade e depress\u00e3o, segundo a Organiza\u00e7\u00e3o&hellip;<\/p>\n","protected":false},"author":1,"featured_media":123630,"comment_status":"closed","ping_status":"open","sticky":false,"template":"","format":"standard","meta":{"footnotes":""},"categories":[14120],"tags":[13146,34301,34939,34634],"class_list":["post-123629","post","type-post","status-publish","format-standard","has-post-thumbnail","hentry","category-noticias","tag-blog-edvaldo-magalhaes","tag-colegio-gge","tag-cuidados-com-a-saude-mental-dos-estudantes-sao-fundamentais-na-reta-final-do-ano-letivo","tag-portal-edvaldo-magalhaes"],"_links":{"self":[{"href":"https:\/\/blogdoedvaldomagalhaes.com.br\/index.php\/wp-json\/wp\/v2\/posts\/123629","targetHints":{"allow":["GET"]}}],"collection":[{"href":"https:\/\/blogdoedvaldomagalhaes.com.br\/index.php\/wp-json\/wp\/v2\/posts"}],"about":[{"href":"https:\/\/blogdoedvaldomagalhaes.com.br\/index.php\/wp-json\/wp\/v2\/types\/post"}],"author":[{"embeddable":true,"href":"https:\/\/blogdoedvaldomagalhaes.com.br\/index.php\/wp-json\/wp\/v2\/users\/1"}],"replies":[{"embeddable":true,"href":"https:\/\/blogdoedvaldomagalhaes.com.br\/index.php\/wp-json\/wp\/v2\/comments?post=123629"}],"version-history":[{"count":2,"href":"https:\/\/blogdoedvaldomagalhaes.com.br\/index.php\/wp-json\/wp\/v2\/posts\/123629\/revisions"}],"predecessor-version":[{"id":123634,"href":"https:\/\/blogdoedvaldomagalhaes.com.br\/index.php\/wp-json\/wp\/v2\/posts\/123629\/revisions\/123634"}],"wp:featuredmedia":[{"embeddable":true,"href":"https:\/\/blogdoedvaldomagalhaes.com.br\/index.php\/wp-json\/wp\/v2\/media\/123630"}],"wp:attachment":[{"href":"https:\/\/blogdoedvaldomagalhaes.com.br\/index.php\/wp-json\/wp\/v2\/media?parent=123629"}],"wp:term":[{"taxonomy":"category","embeddable":true,"href":"https:\/\/blogdoedvaldomagalhaes.com.br\/index.php\/wp-json\/wp\/v2\/categories?post=123629"},{"taxonomy":"post_tag","embeddable":true,"href":"https:\/\/blogdoedvaldomagalhaes.com.br\/index.php\/wp-json\/wp\/v2\/tags?post=123629"}],"curies":[{"name":"wp","href":"https:\/\/api.w.org\/{rel}","templated":true}]}}