{"id":123626,"date":"2025-10-09T17:27:54","date_gmt":"2025-10-09T20:27:54","guid":{"rendered":"https:\/\/blogdoedvaldomagalhaes.com.br\/?p=123626"},"modified":"2025-10-09T17:27:54","modified_gmt":"2025-10-09T20:27:54","slug":"caruaru-pode-ter-universidade-da-terceira-idade-para-ampliar-politicas-de-inclusao-e-aprendizado","status":"publish","type":"post","link":"https:\/\/blogdoedvaldomagalhaes.com.br\/index.php\/2025\/10\/09\/caruaru-pode-ter-universidade-da-terceira-idade-para-ampliar-politicas-de-inclusao-e-aprendizado\/","title":{"rendered":"Caruaru pode ter Universidade da Terceira Idade para ampliar pol\u00edticas de inclus\u00e3o e aprendizado"},"content":{"rendered":"<p>O vereador Professor Jorge Quintino (PODE) apresentou, na C\u00e2mara Municipal de Caruaru, o Anteprojeto de Lei que institui a Universidade da Terceira Idade Municipal \u2013 UNITI Caruaru, que visa promover a educa\u00e7\u00e3o continuada e o envelhecimento ativo das pessoas idosas do munic\u00edpio.<\/p>\n<p>O projeto prev\u00ea a cria\u00e7\u00e3o de um centro de atividades educacionais e culturais voltado exclusivamente para o p\u00fablico com 60 anos ou mais, oferecendo cursos, oficinas e forma\u00e7\u00f5es gratuitas. As atividades ser\u00e3o realizadas em parceria com universidades e faculdades da cidade, que poder\u00e3o participar por meio de conv\u00eanios.<\/p>\n<p>O anteprojeto tamb\u00e9m cria o \u201cSelo Parceiro da Terceira Idade\u201d, que reconhecer\u00e1 anualmente as institui\u00e7\u00f5es, empresas e entidades que contribuam com o fortalecimento das a\u00e7\u00f5es da UNITI e com a valoriza\u00e7\u00e3o da pessoa idosa em Caruaru.<\/p>\n<p>De acordo com o vereador Jorge Quintino, a proposta \u00e9 um passo importante para pensar novas formas de fazer pol\u00edticas p\u00fablicas voltadas \u00e0 terceira idade:<\/p>\n<p>_\u201cCaruaru tem mais de 30 mil pessoas idosas, e muitas delas ainda querem aprender, conviver e compartilhar experi\u00eancias. A UNITI  vai permitir que nossos idosos continuem sendo protagonistas da pr\u00f3pria hist\u00f3ria\u201d,_ afirmou.<\/p>\n<p>O projeto agora segue para aprova\u00e7\u00e3o do executivo municipal. Foto: Divulga\u00e7\u00e3o<br \/>\nSeja seguidor do Instagram @portaledvaldomagalhaes<\/p>\n","protected":false},"excerpt":{"rendered":"<p>O vereador Professor Jorge Quintino (PODE) apresentou, na C\u00e2mara Municipal de Caruaru, o Anteprojeto de Lei que institui a Universidade&hellip;<\/p>\n","protected":false},"author":1,"featured_media":123627,"comment_status":"closed","ping_status":"open","sticky":false,"template":"","format":"standard","meta":{"footnotes":""},"categories":[14122],"tags":[13146,34938,20,34634],"class_list":["post-123626","post","type-post","status-publish","format-standard","has-post-thumbnail","hentry","category-politica","tag-blog-edvaldo-magalhaes","tag-caruaru-pode-ter-universidade-da-terceira-idade-para-ampliar-politicas-de-inclusao-e-aprendizado","tag-politica","tag-portal-edvaldo-magalhaes"],"_links":{"self":[{"href":"https:\/\/blogdoedvaldomagalhaes.com.br\/index.php\/wp-json\/wp\/v2\/posts\/123626","targetHints":{"allow":["GET"]}}],"collection":[{"href":"https:\/\/blogdoedvaldomagalhaes.com.br\/index.php\/wp-json\/wp\/v2\/posts"}],"about":[{"href":"https:\/\/blogdoedvaldomagalhaes.com.br\/index.php\/wp-json\/wp\/v2\/types\/post"}],"author":[{"embeddable":true,"href":"https:\/\/blogdoedvaldomagalhaes.com.br\/index.php\/wp-json\/wp\/v2\/users\/1"}],"replies":[{"embeddable":true,"href":"https:\/\/blogdoedvaldomagalhaes.com.br\/index.php\/wp-json\/wp\/v2\/comments?post=123626"}],"version-history":[{"count":1,"href":"https:\/\/blogdoedvaldomagalhaes.com.br\/index.php\/wp-json\/wp\/v2\/posts\/123626\/revisions"}],"predecessor-version":[{"id":123628,"href":"https:\/\/blogdoedvaldomagalhaes.com.br\/index.php\/wp-json\/wp\/v2\/posts\/123626\/revisions\/123628"}],"wp:featuredmedia":[{"embeddable":true,"href":"https:\/\/blogdoedvaldomagalhaes.com.br\/index.php\/wp-json\/wp\/v2\/media\/123627"}],"wp:attachment":[{"href":"https:\/\/blogdoedvaldomagalhaes.com.br\/index.php\/wp-json\/wp\/v2\/media?parent=123626"}],"wp:term":[{"taxonomy":"category","embeddable":true,"href":"https:\/\/blogdoedvaldomagalhaes.com.br\/index.php\/wp-json\/wp\/v2\/categories?post=123626"},{"taxonomy":"post_tag","embeddable":true,"href":"https:\/\/blogdoedvaldomagalhaes.com.br\/index.php\/wp-json\/wp\/v2\/tags?post=123626"}],"curies":[{"name":"wp","href":"https:\/\/api.w.org\/{rel}","templated":true}]}}