{"id":123617,"date":"2025-10-09T08:47:47","date_gmt":"2025-10-09T11:47:47","guid":{"rendered":"https:\/\/blogdoedvaldomagalhaes.com.br\/?p=123617"},"modified":"2025-10-09T09:01:20","modified_gmt":"2025-10-09T12:01:20","slug":"buraco-de-responsabilidade-da-compesa-compromete-o-transito-no-centro-de-caruaru-e-trecho-da-rua-capitao-joao-velho-esta-interditado","status":"publish","type":"post","link":"https:\/\/blogdoedvaldomagalhaes.com.br\/index.php\/2025\/10\/09\/buraco-de-responsabilidade-da-compesa-compromete-o-transito-no-centro-de-caruaru-e-trecho-da-rua-capitao-joao-velho-esta-interditado\/","title":{"rendered":"Buraco de responsabilidade da Compesa compromete o tr\u00e2nsito no Centro de Caruaru e trecho da Rua Capit\u00e3o Jo\u00e3o Velho est\u00e1 interditado"},"content":{"rendered":"<p>Na manh\u00e3 desta quarta-feira (08.10), um vazamento na tubula\u00e7\u00e3o da Compesa comprometeu grande parte da Rua Capit\u00e3o Jo\u00e3o Velho no Centro de Caruaru. Os reparos realizados pela Companhia come\u00e7aram ainda nesta quarta e o trecho da rua precisou ser interditado.<\/p>\n<p><img loading=\"lazy\" decoding=\"async\" src=\"https:\/\/blogdoedvaldomagalhaes.com.br\/wp-content\/uploads\/2025\/10\/img-20251009-wa00501913184575961354973.jpg\" class=\"wp-image-123620 alignnone size-full\" width=\"1200\" height=\"1600\" srcset=\"https:\/\/blogdoedvaldomagalhaes.com.br\/wp-content\/uploads\/2025\/10\/img-20251009-wa00501913184575961354973.jpg 1200w, https:\/\/blogdoedvaldomagalhaes.com.br\/wp-content\/uploads\/2025\/10\/img-20251009-wa00501913184575961354973-225x300.jpg 225w, https:\/\/blogdoedvaldomagalhaes.com.br\/wp-content\/uploads\/2025\/10\/img-20251009-wa00501913184575961354973-768x1024.jpg 768w, https:\/\/blogdoedvaldomagalhaes.com.br\/wp-content\/uploads\/2025\/10\/img-20251009-wa00501913184575961354973-1152x1536.jpg 1152w\" sizes=\"auto, (max-width: 1200px) 100vw, 1200px\" \/><\/p>\n<p>Com isso a mobilidade urbana da cidade fica comprometida e o tr\u00e2nsito que normalmente segue pela Rua Belmiro Pereira (sentido Rua Capit\u00e3o Jo\u00e3o Velho) ser\u00e1 desviado para a Rua Frei Caneca (sentido Grande Hotel). J\u00e1 os condutores que trafegam pela Rua Silva Filho (paralela \u00e0 Esta\u00e7\u00e3o Ferrovi\u00e1ria) precisar\u00e3o desviar pela Rua Silva Jardim (sentido Banco do Brasil).<\/p>\n<p>De acordo com o Coordenador T\u00e9cnico de Esgoto (CTG) da Compesa, Ev\u00e2nio Rocha, a previs\u00e3o do t\u00e9rmino da obra \u00e9 no domingo, 12 de outubro.<\/p>\n<p><img loading=\"lazy\" decoding=\"async\" src=\"https:\/\/blogdoedvaldomagalhaes.com.br\/wp-content\/uploads\/2025\/10\/img-20251009-wa00518636955181839504681.jpg\" class=\"wp-image-123621 alignnone size-full\" width=\"1200\" height=\"1600\" srcset=\"https:\/\/blogdoedvaldomagalhaes.com.br\/wp-content\/uploads\/2025\/10\/img-20251009-wa00518636955181839504681.jpg 1200w, https:\/\/blogdoedvaldomagalhaes.com.br\/wp-content\/uploads\/2025\/10\/img-20251009-wa00518636955181839504681-225x300.jpg 225w, https:\/\/blogdoedvaldomagalhaes.com.br\/wp-content\/uploads\/2025\/10\/img-20251009-wa00518636955181839504681-768x1024.jpg 768w, https:\/\/blogdoedvaldomagalhaes.com.br\/wp-content\/uploads\/2025\/10\/img-20251009-wa00518636955181839504681-1152x1536.jpg 1152w\" sizes=\"auto, (max-width: 1200px) 100vw, 1200px\" \/><\/p>\n<p>A AMC (Autarquia de Mobilidade de Caruaru) orienta os condutores para evitarem a circula\u00e7\u00e3o nas proximidades da Rua Capit\u00e3o Jo\u00e3o Velho, no Centro de Caruaru.<br \/>\nSeja seguidor do Instagram @portaledvaldomagalhaes<br \/>\nImagens: Divulga\u00e7\u00e3o<\/p>\n","protected":false},"excerpt":{"rendered":"<p>Na manh\u00e3 desta quarta-feira (08.10), um vazamento na tubula\u00e7\u00e3o da Compesa comprometeu grande parte da Rua Capit\u00e3o Jo\u00e3o Velho no&hellip;<\/p>\n","protected":false},"author":1,"featured_media":123618,"comment_status":"closed","ping_status":"open","sticky":false,"template":"","format":"standard","meta":{"footnotes":""},"categories":[14120],"tags":[13146,34936,3406,34634],"class_list":["post-123617","post","type-post","status-publish","format-standard","has-post-thumbnail","hentry","category-noticias","tag-blog-edvaldo-magalhaes","tag-buraco-de-responsabilidade-da-compesa-compromete-o-transito-no-centro-de-caruaru-e-trecho-da-rua-capitao-joao-velho-esta-interditado","tag-caruaru","tag-portal-edvaldo-magalhaes"],"_links":{"self":[{"href":"https:\/\/blogdoedvaldomagalhaes.com.br\/index.php\/wp-json\/wp\/v2\/posts\/123617","targetHints":{"allow":["GET"]}}],"collection":[{"href":"https:\/\/blogdoedvaldomagalhaes.com.br\/index.php\/wp-json\/wp\/v2\/posts"}],"about":[{"href":"https:\/\/blogdoedvaldomagalhaes.com.br\/index.php\/wp-json\/wp\/v2\/types\/post"}],"author":[{"embeddable":true,"href":"https:\/\/blogdoedvaldomagalhaes.com.br\/index.php\/wp-json\/wp\/v2\/users\/1"}],"replies":[{"embeddable":true,"href":"https:\/\/blogdoedvaldomagalhaes.com.br\/index.php\/wp-json\/wp\/v2\/comments?post=123617"}],"version-history":[{"count":2,"href":"https:\/\/blogdoedvaldomagalhaes.com.br\/index.php\/wp-json\/wp\/v2\/posts\/123617\/revisions"}],"predecessor-version":[{"id":123622,"href":"https:\/\/blogdoedvaldomagalhaes.com.br\/index.php\/wp-json\/wp\/v2\/posts\/123617\/revisions\/123622"}],"wp:featuredmedia":[{"embeddable":true,"href":"https:\/\/blogdoedvaldomagalhaes.com.br\/index.php\/wp-json\/wp\/v2\/media\/123618"}],"wp:attachment":[{"href":"https:\/\/blogdoedvaldomagalhaes.com.br\/index.php\/wp-json\/wp\/v2\/media?parent=123617"}],"wp:term":[{"taxonomy":"category","embeddable":true,"href":"https:\/\/blogdoedvaldomagalhaes.com.br\/index.php\/wp-json\/wp\/v2\/categories?post=123617"},{"taxonomy":"post_tag","embeddable":true,"href":"https:\/\/blogdoedvaldomagalhaes.com.br\/index.php\/wp-json\/wp\/v2\/tags?post=123617"}],"curies":[{"name":"wp","href":"https:\/\/api.w.org\/{rel}","templated":true}]}}