{"id":123613,"date":"2025-10-08T20:03:43","date_gmt":"2025-10-08T23:03:43","guid":{"rendered":"https:\/\/blogdoedvaldomagalhaes.com.br\/?p=123613"},"modified":"2025-10-08T20:03:43","modified_gmt":"2025-10-08T23:03:43","slug":"governo-do-estado-lanca-edital-do-concurso-publico-unificado-de-pernambuco-cpu-pe","status":"publish","type":"post","link":"https:\/\/blogdoedvaldomagalhaes.com.br\/index.php\/2025\/10\/08\/governo-do-estado-lanca-edital-do-concurso-publico-unificado-de-pernambuco-cpu-pe\/","title":{"rendered":"Governo do Estado lan\u00e7a edital do Concurso P\u00fablico Unificado de Pernambuco (CPU-PE)"},"content":{"rendered":"<p><span style=\"font-size: revert;\">Com o objetivo de ampliar o acesso aos cargos p\u00fablicos, o Governo do Estado, por meio da Secretaria de Administra\u00e7\u00e3o (SAD), publica nesta quinta-feira (9), no Di\u00e1rio Oficial do Estado (DOE), o edital do Concurso P\u00fablico Unificado de Pernambuco (CPU-PE). Ser\u00e3o ofertadas 460 vagas para nove \u00f3rg\u00e3os, em cargos ou especialidades de n\u00edveis M\u00e9dio e Superior. As provas ser\u00e3o realizadas nos dias 14 e 21 de dezembro de 2025, em 10 munic\u00edpios. As inscri\u00e7\u00f5es podem ser realizadas desde hoje at\u00e9 o dia 7 de novembro, pelo site da Funda\u00e7\u00e3o Carlos Chagas, organizadora do certame: https:\/\/www.concursosfcc.com.br.<\/span><\/p>\n<p>\u201cO edital do primeiro concurso p\u00fablico unificado de Pernambuco ser\u00e1 publicado no Di\u00e1rio Oficial de amanh\u00e3. S\u00e3o 460 vagas distribu\u00eddas por nove \u00f3rg\u00e3os do Estado, e o mais interessante \u00e9 que um candidato vai poder, em apenas um certame, concorrer a at\u00e9 tr\u00eas cargos distintos. Essa ser\u00e1 uma excelente oportunidade para todos os que desejam fazer parte da equipe que est\u00e1 mudando Pernambuco\u201d, destacou a governadora Raquel Lyra.<\/p>\n<p>De acordo com a secret\u00e1ria de Administra\u00e7\u00e3o, Ana Mara\u00edza, o Concurso P\u00fablico Unificado de Pernambuco representa um marco na moderniza\u00e7\u00e3o da gest\u00e3o p\u00fablica estadual, promovendo amplo acesso \u00e0 participa\u00e7\u00e3o da popula\u00e7\u00e3o no certame em todas as regi\u00f5es do Estado. \u201cAo publicar esse edital, o Governo de Pernambuco tem o objetivo de atrair profissionais de excel\u00eancia para integrar o quadro de servidores do Estado, contribuindo para o aperfei\u00e7oamento dos servi\u00e7os oferecidos \u00e0 popula\u00e7\u00e3o\u201d, pontuou a titular da pasta.<\/p>\n<p>Os cargos do CPU-PE s\u00e3o distribu\u00eddos em tr\u00eas blocos, sendo eles: forma\u00e7\u00e3o espec\u00edfica de n\u00edvel superior; qualquer \u00e1rea de forma\u00e7\u00e3o de n\u00edvel superior; e forma\u00e7\u00e3o de n\u00edvel m\u00e9dio. Cada grupo ter\u00e1 seu dia e turno exclusivo para realiza\u00e7\u00e3o das provas, possibilitando que o candidato possa concorrer para at\u00e9 tr\u00eas cargos, um de cada bloco.<\/p>\n<p>As cidades do Estado onde ocorrer\u00e3o as provas s\u00e3o: Afogados da Ingazeira, Araripina, Arcoverde, Carpina, Caruaru, Floresta, Palmares, Petrolina, Recife e Salgueiro, podendo o candidato escolher onde far\u00e1 a prova. Mais detalhes do certame podem ser conferidos no Di\u00e1rio Oficial do Estado (DOE) e no site https:\/\/www.concursosfcc.com.br.<br \/>\n<span style=\"font-size: revert;\">Siga o Instagram @portaledvaldomagalhaes.<br \/>\nFoto: Yacy Ribeiro\/Secom<\/span><\/p>\n","protected":false},"excerpt":{"rendered":"<p>Com o objetivo de ampliar o acesso aos cargos p\u00fablicos, o Governo do Estado, por meio da Secretaria de Administra\u00e7\u00e3o&hellip;<\/p>\n","protected":false},"author":1,"featured_media":123614,"comment_status":"closed","ping_status":"open","sticky":false,"template":"","format":"standard","meta":{"footnotes":""},"categories":[14120],"tags":[13146,3406,34935,34634],"class_list":["post-123613","post","type-post","status-publish","format-standard","has-post-thumbnail","hentry","category-noticias","tag-blog-edvaldo-magalhaes","tag-caruaru","tag-governo-de-pernambuco-lanca-edital-do-concurso-publico-unificado-de-pernambuco","tag-portal-edvaldo-magalhaes"],"_links":{"self":[{"href":"https:\/\/blogdoedvaldomagalhaes.com.br\/index.php\/wp-json\/wp\/v2\/posts\/123613","targetHints":{"allow":["GET"]}}],"collection":[{"href":"https:\/\/blogdoedvaldomagalhaes.com.br\/index.php\/wp-json\/wp\/v2\/posts"}],"about":[{"href":"https:\/\/blogdoedvaldomagalhaes.com.br\/index.php\/wp-json\/wp\/v2\/types\/post"}],"author":[{"embeddable":true,"href":"https:\/\/blogdoedvaldomagalhaes.com.br\/index.php\/wp-json\/wp\/v2\/users\/1"}],"replies":[{"embeddable":true,"href":"https:\/\/blogdoedvaldomagalhaes.com.br\/index.php\/wp-json\/wp\/v2\/comments?post=123613"}],"version-history":[{"count":1,"href":"https:\/\/blogdoedvaldomagalhaes.com.br\/index.php\/wp-json\/wp\/v2\/posts\/123613\/revisions"}],"predecessor-version":[{"id":123615,"href":"https:\/\/blogdoedvaldomagalhaes.com.br\/index.php\/wp-json\/wp\/v2\/posts\/123613\/revisions\/123615"}],"wp:featuredmedia":[{"embeddable":true,"href":"https:\/\/blogdoedvaldomagalhaes.com.br\/index.php\/wp-json\/wp\/v2\/media\/123614"}],"wp:attachment":[{"href":"https:\/\/blogdoedvaldomagalhaes.com.br\/index.php\/wp-json\/wp\/v2\/media?parent=123613"}],"wp:term":[{"taxonomy":"category","embeddable":true,"href":"https:\/\/blogdoedvaldomagalhaes.com.br\/index.php\/wp-json\/wp\/v2\/categories?post=123613"},{"taxonomy":"post_tag","embeddable":true,"href":"https:\/\/blogdoedvaldomagalhaes.com.br\/index.php\/wp-json\/wp\/v2\/tags?post=123613"}],"curies":[{"name":"wp","href":"https:\/\/api.w.org\/{rel}","templated":true}]}}