{"id":123610,"date":"2025-10-08T19:43:12","date_gmt":"2025-10-08T22:43:12","guid":{"rendered":"https:\/\/blogdoedvaldomagalhaes.com.br\/?p=123610"},"modified":"2025-10-08T19:43:12","modified_gmt":"2025-10-08T22:43:12","slug":"anderson-correia-palestra-sobre-direito-animal-na-oab-arcoverde-e-inicia-serie-de-encontros-nas-subsecoes-de-pernambuco","status":"publish","type":"post","link":"https:\/\/blogdoedvaldomagalhaes.com.br\/index.php\/2025\/10\/08\/anderson-correia-palestra-sobre-direito-animal-na-oab-arcoverde-e-inicia-serie-de-encontros-nas-subsecoes-de-pernambuco\/","title":{"rendered":"Anderson Correia palestra sobre Direito Animal na OAB Arcoverde e inicia s\u00e9rie de encontros nas subse\u00e7\u00f5es de Pernambuco"},"content":{"rendered":"<p>O vereador e pr\u00e9-candidato a deputado estadual Anderson Correia (PP\/UP), que tamb\u00e9m \u00e9 advogado animalista e membro da Comiss\u00e3o de Prote\u00e7\u00e3o e Direito Animal da OAB Pernambuco, palestrou na OAB Arcoverde nesta quarta-feira (8), na primeira atividade da Caravana do Direito Animal nas subse\u00e7\u00f5es da Ordem em Pernambuco. O encontro, promovido pela Escola Superior de Advocacia (ESA\/OAB-PE), aconteceu na C\u00e2mara de Vereadores de Arcoverde, com o tema \u201cMaus-tratos: como a lei pune e protege os animais\u201d.<\/p>\n<p>A palestra marcou o in\u00edcio de uma nova fase da Caravana do Direito Animal, projeto idealizado por Correia ainda em seu primeiro mandato como vereador. A iniciativa, que come\u00e7ou nas escolas, foi ampliada ao longo dos anos e hoje percorre faculdades, c\u00e2maras municipais, institui\u00e7\u00f5es p\u00fablicas, pres\u00eddios e v\u00e1rias institui\u00e7\u00f5es, levando educa\u00e7\u00e3o, conscientiza\u00e7\u00e3o e debates sobre dignidade, respeito e pol\u00edticas p\u00fablicas voltadas aos animais. O projeto tornou-se uma das principais refer\u00eancias em Pernambuco na defesa e promo\u00e7\u00e3o do direito animal.<\/p>\n<p>\u201c\u00c9 uma alegria ver a Caravana do Direito Animal chegar \u00e0s subse\u00e7\u00f5es da OAB em todo o estado. Esse \u00e9 um passo importante para ampliar o debate sobre o tema tamb\u00e9m dentro da advocacia, formando profissionais cada vez mais engajados nessa causa. Agrade\u00e7o \u00e0 presidente da OAB Pernambuco, Ingrid Zanella, por abrir esse espa\u00e7o e permitir que a pauta animalista esteja presente nas OABs de todo o estado, e ao do Diretor Geral da ESA-PE, Dr. Carlos Barros, pela articula\u00e7\u00e3o do evento. Minha gratid\u00e3o tamb\u00e9m ao vereador Luciano Pacheco, Presidente da C\u00e2mara Municipal de Arcoverde, pela receptividade e envolvimento com a pauta. Fortalecer o direito animal \u00e9 fortalecer o respeito \u00e0 vida e \u00e0 dignidade dos animais\u201d, destacou Correia.<\/p>\n<p>A Caravana do Direito Animal seguir\u00e1 percorrendo outras subse\u00e7\u00f5es da OAB Pernambuco nos pr\u00f3ximos meses, consolidando a pauta animalista como uma pol\u00edtica permanente de educa\u00e7\u00e3o jur\u00eddica, conscientiza\u00e7\u00e3o social e valoriza\u00e7\u00e3o da causa animal. Foto: Divulga\u00e7\u00e3o<br \/>\nSeja seguidor do Instagram @portaledvaldomagalhaes<\/p>\n","protected":false},"excerpt":{"rendered":"<p>O vereador e pr\u00e9-candidato a deputado estadual Anderson Correia (PP\/UP), que tamb\u00e9m \u00e9 advogado animalista e membro da Comiss\u00e3o de&hellip;<\/p>\n","protected":false},"author":1,"featured_media":123611,"comment_status":"closed","ping_status":"open","sticky":false,"template":"","format":"standard","meta":{"footnotes":""},"categories":[14122],"tags":[34934,13146,20,34634],"class_list":["post-123610","post","type-post","status-publish","format-standard","has-post-thumbnail","hentry","category-politica","tag-anderson-correia-palestra-sobre-direito-animal-na-oab-arcoverde-e-inicia-serie-de-encontros-nas-subsecoes-de-pernambuco","tag-blog-edvaldo-magalhaes","tag-politica","tag-portal-edvaldo-magalhaes"],"_links":{"self":[{"href":"https:\/\/blogdoedvaldomagalhaes.com.br\/index.php\/wp-json\/wp\/v2\/posts\/123610","targetHints":{"allow":["GET"]}}],"collection":[{"href":"https:\/\/blogdoedvaldomagalhaes.com.br\/index.php\/wp-json\/wp\/v2\/posts"}],"about":[{"href":"https:\/\/blogdoedvaldomagalhaes.com.br\/index.php\/wp-json\/wp\/v2\/types\/post"}],"author":[{"embeddable":true,"href":"https:\/\/blogdoedvaldomagalhaes.com.br\/index.php\/wp-json\/wp\/v2\/users\/1"}],"replies":[{"embeddable":true,"href":"https:\/\/blogdoedvaldomagalhaes.com.br\/index.php\/wp-json\/wp\/v2\/comments?post=123610"}],"version-history":[{"count":1,"href":"https:\/\/blogdoedvaldomagalhaes.com.br\/index.php\/wp-json\/wp\/v2\/posts\/123610\/revisions"}],"predecessor-version":[{"id":123612,"href":"https:\/\/blogdoedvaldomagalhaes.com.br\/index.php\/wp-json\/wp\/v2\/posts\/123610\/revisions\/123612"}],"wp:featuredmedia":[{"embeddable":true,"href":"https:\/\/blogdoedvaldomagalhaes.com.br\/index.php\/wp-json\/wp\/v2\/media\/123611"}],"wp:attachment":[{"href":"https:\/\/blogdoedvaldomagalhaes.com.br\/index.php\/wp-json\/wp\/v2\/media?parent=123610"}],"wp:term":[{"taxonomy":"category","embeddable":true,"href":"https:\/\/blogdoedvaldomagalhaes.com.br\/index.php\/wp-json\/wp\/v2\/categories?post=123610"},{"taxonomy":"post_tag","embeddable":true,"href":"https:\/\/blogdoedvaldomagalhaes.com.br\/index.php\/wp-json\/wp\/v2\/tags?post=123610"}],"curies":[{"name":"wp","href":"https:\/\/api.w.org\/{rel}","templated":true}]}}