{"id":123603,"date":"2025-10-08T17:53:02","date_gmt":"2025-10-08T20:53:02","guid":{"rendered":"https:\/\/blogdoedvaldomagalhaes.com.br\/?p=123603"},"modified":"2025-10-08T17:57:31","modified_gmt":"2025-10-08T20:57:31","slug":"em-caruaru-governadora-raquel-lyra-visita-obra-de-creche-no-xique-xique-anuncia-construcao-da-nova-feira-do-gado-e-assina-ordem-de-servico-para-pavimentacao-de-ruas","status":"publish","type":"post","link":"https:\/\/blogdoedvaldomagalhaes.com.br\/index.php\/2025\/10\/08\/em-caruaru-governadora-raquel-lyra-visita-obra-de-creche-no-xique-xique-anuncia-construcao-da-nova-feira-do-gado-e-assina-ordem-de-servico-para-pavimentacao-de-ruas\/","title":{"rendered":"Em Caruaru, governadora Raquel Lyra visita obra de creche no Xique Xique, anuncia constru\u00e7\u00e3o da nova Feira do Gado e assina ordem de servi\u00e7o para pavimenta\u00e7\u00e3o de ruas"},"content":{"rendered":"<p>A governadora Raquel Lyra estar\u00e1 em Caruaru, no Agreste do Estado, nesta quinta-feira (9), para anunciar importantes investimentos para a cidade e visitar a obra de uma creche. \u00c0s 10h, a chefe do Executivo estadual vai vistoriar a constru\u00e7\u00e3o do Centro de Educa\u00e7\u00e3o Infantil (CEI) que est\u00e1 sendo erguido no bairro Xique Xique e conta com um investimento de R$ 4,6 milh\u00f5es.<\/p>\n<p>\u00c0s 11h, a gestora vai anunciar a constru\u00e7\u00e3o da nova Feira do Gado de Caruaru, que receber\u00e1 investimentos superiores a R$ 10 milh\u00f5es e ser\u00e1 executada por meio da Ag\u00eancia de Desenvolvimento Econ\u00f4mico de Pernambuco (Adepe), em parceria com a prefeitura do munic\u00edpio. O espa\u00e7o ocupar\u00e1 uma \u00e1rea com cerca de 42 mil m\u00b2, \u00e0s margens da BR-104, e tem o objetivo de oferecer melhor organiza\u00e7\u00e3o, conforto e seguran\u00e7a para comerciantes e visitantes.<\/p>\n<p>A gestora ainda vai assinar a ordem de servi\u00e7o para execu\u00e7\u00e3o de servi\u00e7os de pavimenta\u00e7\u00e3o de vias no bairro Indian\u00f3polis, com recursos na ordem de R$ 659,5 mil.<\/p>\n<p>AGENDA DA GOVERNADORA RAQUEL LYRA | Quinta-feira, 9 de outubro de 2025<\/p>\n<p>10h &#8211; Visita \u00e0 obra da creche no bairro de Xique Xique<\/p>\n<p>Local: Rua Quit\u00e9ria Batista de Souza, s\/n &#8211; Xique Xique &#8211; Caruaru &#8211; PE<\/p>\n<p>11h &#8211; Ordens de servi\u00e7o da Feira do Gado e da pavimenta\u00e7\u00e3o de ruas no bairro de Indian\u00f3polis<\/p>\n<p>Local: Centro de Abastecimento de Caruaru (Ceaca), Avenida Jos\u00e9 Pinheiro dos Santos, 2441 &#8211; Cidade Alta, Caruaru &#8211; PE<br \/>\nSiga o Instagram @portaledvaldomagalhaes<br \/>\nFoto: Miva Filho<\/p>\n","protected":false},"excerpt":{"rendered":"<p>A governadora Raquel Lyra estar\u00e1 em Caruaru, no Agreste do Estado, nesta quinta-feira (9), para anunciar importantes investimentos para a&hellip;<\/p>\n","protected":false},"author":1,"featured_media":123605,"comment_status":"closed","ping_status":"open","sticky":false,"template":"","format":"standard","meta":{"footnotes":""},"categories":[14122],"tags":[34933,13146,370,34932,20,34634],"class_list":["post-123603","post","type-post","status-publish","format-standard","has-post-thumbnail","hentry","category-politica","tag-anuncia-construcao-da-nova-feira-do-gado-e-assina-ordem-de-servico-para-pavimentacao-de-ruas","tag-blog-edvaldo-magalhaes","tag-em-caruaru","tag-governadora-raquel-lyra-visita-obra-de-creche-no-xique-xique","tag-politica","tag-portal-edvaldo-magalhaes"],"_links":{"self":[{"href":"https:\/\/blogdoedvaldomagalhaes.com.br\/index.php\/wp-json\/wp\/v2\/posts\/123603","targetHints":{"allow":["GET"]}}],"collection":[{"href":"https:\/\/blogdoedvaldomagalhaes.com.br\/index.php\/wp-json\/wp\/v2\/posts"}],"about":[{"href":"https:\/\/blogdoedvaldomagalhaes.com.br\/index.php\/wp-json\/wp\/v2\/types\/post"}],"author":[{"embeddable":true,"href":"https:\/\/blogdoedvaldomagalhaes.com.br\/index.php\/wp-json\/wp\/v2\/users\/1"}],"replies":[{"embeddable":true,"href":"https:\/\/blogdoedvaldomagalhaes.com.br\/index.php\/wp-json\/wp\/v2\/comments?post=123603"}],"version-history":[{"count":2,"href":"https:\/\/blogdoedvaldomagalhaes.com.br\/index.php\/wp-json\/wp\/v2\/posts\/123603\/revisions"}],"predecessor-version":[{"id":123607,"href":"https:\/\/blogdoedvaldomagalhaes.com.br\/index.php\/wp-json\/wp\/v2\/posts\/123603\/revisions\/123607"}],"wp:featuredmedia":[{"embeddable":true,"href":"https:\/\/blogdoedvaldomagalhaes.com.br\/index.php\/wp-json\/wp\/v2\/media\/123605"}],"wp:attachment":[{"href":"https:\/\/blogdoedvaldomagalhaes.com.br\/index.php\/wp-json\/wp\/v2\/media?parent=123603"}],"wp:term":[{"taxonomy":"category","embeddable":true,"href":"https:\/\/blogdoedvaldomagalhaes.com.br\/index.php\/wp-json\/wp\/v2\/categories?post=123603"},{"taxonomy":"post_tag","embeddable":true,"href":"https:\/\/blogdoedvaldomagalhaes.com.br\/index.php\/wp-json\/wp\/v2\/tags?post=123603"}],"curies":[{"name":"wp","href":"https:\/\/api.w.org\/{rel}","templated":true}]}}