{"id":123596,"date":"2025-10-08T15:45:47","date_gmt":"2025-10-08T18:45:47","guid":{"rendered":"https:\/\/blogdoedvaldomagalhaes.com.br\/?p=123596"},"modified":"2025-10-08T19:33:41","modified_gmt":"2025-10-08T22:33:41","slug":"concertos-pela-paz-encerram-turne-internacional-com-apresentacao-no-vaticano","status":"publish","type":"post","link":"https:\/\/blogdoedvaldomagalhaes.com.br\/index.php\/2025\/10\/08\/concertos-pela-paz-encerram-turne-internacional-com-apresentacao-no-vaticano\/","title":{"rendered":"Concertos pela Paz encerram turn\u00ea internacional com apresenta\u00e7\u00e3o no Vaticano"},"content":{"rendered":"<p><span style=\"font-size: revert;\">Entre os arcos do Vaticano e os olhares do mundo, jovens m\u00fasicos da Orquestra Crian\u00e7a Cidad\u00e3 viveram o que parecia um sonho: tocar pela paz, unidos a artistas de diversas na\u00e7\u00f5es, deixando que a m\u00fasica dissesse aquilo que as palavras jamais alcan\u00e7ariam. Sob o sol quente da manh\u00e3 romana, a Pra\u00e7a de S\u00e3o Pedro testemunhou como, pouco a pouco, o som das cordas come\u00e7ou a preencher o ar, notas que vieram de longe, das vielas quentes da periferia do Recife, e que agora ecoavam diante do Papa Le\u00e3o XIV e de milhares de fi\u00e9is.<\/span><\/p>\n<p><img loading=\"lazy\" decoding=\"async\" class=\"wp-image-123600 alignnone size-full\" src=\"https:\/\/blogdoedvaldomagalhaes.com.br\/wp-content\/uploads\/2025\/10\/img-20251008-wa01554239589569938037942.jpg\" width=\"1334\" height=\"750\" srcset=\"https:\/\/blogdoedvaldomagalhaes.com.br\/wp-content\/uploads\/2025\/10\/img-20251008-wa01554239589569938037942.jpg 1334w, https:\/\/blogdoedvaldomagalhaes.com.br\/wp-content\/uploads\/2025\/10\/img-20251008-wa01554239589569938037942-300x169.jpg 300w, https:\/\/blogdoedvaldomagalhaes.com.br\/wp-content\/uploads\/2025\/10\/img-20251008-wa01554239589569938037942-1024x576.jpg 1024w, https:\/\/blogdoedvaldomagalhaes.com.br\/wp-content\/uploads\/2025\/10\/img-20251008-wa01554239589569938037942-768x432.jpg 768w, https:\/\/blogdoedvaldomagalhaes.com.br\/wp-content\/uploads\/2025\/10\/img-20251008-wa01554239589569938037942-1140x641.jpg 1140w, https:\/\/blogdoedvaldomagalhaes.com.br\/wp-content\/uploads\/2025\/10\/img-20251008-wa01554239589569938037942-720x405.jpg 720w\" sizes=\"auto, (max-width: 1334px) 100vw, 1334px\" \/><\/p>\n<p>Foi ao som do segundo movimento (Largo) do Concerto para Dois Violinos em R\u00e9 Menor, BWV 1043, de Johann Sebastian Bach, que o Papa Le\u00e3o XIV fez sua chegada para a Udienza Generale, uma reuni\u00e3o entre peregrinos e membros com a maior autoridade da Igreja Cat\u00f3lica. A melodia, suave e contemplativa, serviu de trilha para o momento da entrada do pont\u00edfice e, mais tarde, voltou a soar ao final de sua sauda\u00e7\u00e3o ao p\u00fablico, sendo novamente acolhida por calorosos aplausos. Sob a reg\u00eancia do maestro Jos\u00e9 Renato Accioly, cada nota pareceu contar uma hist\u00f3ria de supera\u00e7\u00e3o, de esperan\u00e7a, e da for\u00e7a transformadora que nasce quando a m\u00fasica se torna ponte entre os povos.<br \/>\nDa Ucr\u00e2nia, o violinista Oleksandr Puzankov compartilhou a emo\u00e7\u00e3o de viver esse momento. \u201cQuando come\u00e7amos a tocar, senti um sil\u00eancio diferente, um sil\u00eancio de respeito, de comunh\u00e3o. Tocar diante daquela multid\u00e3o e do Papa foi algo indescrit\u00edvel. O projeto me fez acreditar ainda mais no poder da m\u00fasica como uma ponte. Como algu\u00e9m vindo de um pa\u00eds em guerra, sei o quanto o mundo precisa de gestos assim, e participar deste projeto me fez sentir parte de algo realmente maior do que n\u00f3s mesmos.\u201d<\/p>\n<p><img loading=\"lazy\" decoding=\"async\" class=\"wp-image-123601 alignnone size-full\" src=\"https:\/\/blogdoedvaldomagalhaes.com.br\/wp-content\/uploads\/2025\/10\/img-20251008-wa01541758413019735320566.jpg\" width=\"1600\" height=\"1200\" srcset=\"https:\/\/blogdoedvaldomagalhaes.com.br\/wp-content\/uploads\/2025\/10\/img-20251008-wa01541758413019735320566.jpg 1600w, https:\/\/blogdoedvaldomagalhaes.com.br\/wp-content\/uploads\/2025\/10\/img-20251008-wa01541758413019735320566-300x225.jpg 300w, https:\/\/blogdoedvaldomagalhaes.com.br\/wp-content\/uploads\/2025\/10\/img-20251008-wa01541758413019735320566-1024x768.jpg 1024w, https:\/\/blogdoedvaldomagalhaes.com.br\/wp-content\/uploads\/2025\/10\/img-20251008-wa01541758413019735320566-768x576.jpg 768w, https:\/\/blogdoedvaldomagalhaes.com.br\/wp-content\/uploads\/2025\/10\/img-20251008-wa01541758413019735320566-1536x1152.jpg 1536w, https:\/\/blogdoedvaldomagalhaes.com.br\/wp-content\/uploads\/2025\/10\/img-20251008-wa01541758413019735320566-160x120.jpg 160w\" sizes=\"auto, (max-width: 1600px) 100vw, 1600px\" \/>Entre os m\u00fasicos brasileiros, a percussionista L\u00eddia Sotero, da Orquestra Crian\u00e7a Cidad\u00e3, resumiu o sentimento coletivo. \u201cTocar na Pra\u00e7a de S\u00e3o Pedro, diante do Papa, foi uma experi\u00eancia que eu jamais vou esquecer. A cada nota, sentia que est\u00e1vamos levando uma mensagem de uni\u00e3o e esperan\u00e7a, e isso me emocionou profundamente.\u201d<br \/>\nCom a apresenta\u00e7\u00e3o no Vaticano, o projeto encerra uma jornada que percorreu cidades como Seul, Hiroshima, Osaka e Roma, idealizados por Jo\u00e3o Targino e realizados pela Orquestra Crian\u00e7a Cidad\u00e3. \u201cEncerrar esta turn\u00ea no Vaticano, diante do Santo Padre, foi o coroamento de uma jornada marcada pela emo\u00e7\u00e3o e pela f\u00e9 na for\u00e7a da m\u00fasica&#8221;, afirmou o maestro Jos\u00e9 Renato Accioly. \u201cCada concerto, em cada pa\u00eds, reafirmou que a harmonia n\u00e3o est\u00e1 apenas nas partituras, mas na conviv\u00eancia entre os povos. Os Concertos pela Paz s\u00e3o um testemunho vivo de que, quando jovens de diferentes culturas se unem para tocar, o som que nasce \u00e9 o da esperan\u00e7a\u201d.<br \/>\nQuando as \u00faltimas notas se apagaram no ar, as pessoas come\u00e7aram a se dispersar devagar, levando consigo o som que ainda ecoava no peito e a certeza de que haviam testemunhado algo maior, um instante de comunh\u00e3o, de paz e de esperan\u00e7a, exatamente como prop\u00f5e o nome da turn\u00ea, Concertos pela Paz.<br \/>\nFotos: Reprodu\u00e7\u00e3o: Vatican News.<br \/>\nSiga o Instagram @portaledvaldomagalhaes<\/p>\n","protected":false},"excerpt":{"rendered":"<p>Entre os arcos do Vaticano e os olhares do mundo, jovens m\u00fasicos da Orquestra Crian\u00e7a Cidad\u00e3 viveram o que parecia&hellip;<\/p>\n","protected":false},"author":1,"featured_media":123598,"comment_status":"closed","ping_status":"open","sticky":false,"template":"","format":"standard","meta":{"footnotes":""},"categories":[14120],"tags":[13146,34634],"class_list":["post-123596","post","type-post","status-publish","format-standard","has-post-thumbnail","hentry","category-noticias","tag-blog-edvaldo-magalhaes","tag-portal-edvaldo-magalhaes"],"_links":{"self":[{"href":"https:\/\/blogdoedvaldomagalhaes.com.br\/index.php\/wp-json\/wp\/v2\/posts\/123596","targetHints":{"allow":["GET"]}}],"collection":[{"href":"https:\/\/blogdoedvaldomagalhaes.com.br\/index.php\/wp-json\/wp\/v2\/posts"}],"about":[{"href":"https:\/\/blogdoedvaldomagalhaes.com.br\/index.php\/wp-json\/wp\/v2\/types\/post"}],"author":[{"embeddable":true,"href":"https:\/\/blogdoedvaldomagalhaes.com.br\/index.php\/wp-json\/wp\/v2\/users\/1"}],"replies":[{"embeddable":true,"href":"https:\/\/blogdoedvaldomagalhaes.com.br\/index.php\/wp-json\/wp\/v2\/comments?post=123596"}],"version-history":[{"count":4,"href":"https:\/\/blogdoedvaldomagalhaes.com.br\/index.php\/wp-json\/wp\/v2\/posts\/123596\/revisions"}],"predecessor-version":[{"id":123609,"href":"https:\/\/blogdoedvaldomagalhaes.com.br\/index.php\/wp-json\/wp\/v2\/posts\/123596\/revisions\/123609"}],"wp:featuredmedia":[{"embeddable":true,"href":"https:\/\/blogdoedvaldomagalhaes.com.br\/index.php\/wp-json\/wp\/v2\/media\/123598"}],"wp:attachment":[{"href":"https:\/\/blogdoedvaldomagalhaes.com.br\/index.php\/wp-json\/wp\/v2\/media?parent=123596"}],"wp:term":[{"taxonomy":"category","embeddable":true,"href":"https:\/\/blogdoedvaldomagalhaes.com.br\/index.php\/wp-json\/wp\/v2\/categories?post=123596"},{"taxonomy":"post_tag","embeddable":true,"href":"https:\/\/blogdoedvaldomagalhaes.com.br\/index.php\/wp-json\/wp\/v2\/tags?post=123596"}],"curies":[{"name":"wp","href":"https:\/\/api.w.org\/{rel}","templated":true}]}}