{"id":123591,"date":"2025-10-08T15:35:07","date_gmt":"2025-10-08T18:35:07","guid":{"rendered":"https:\/\/blogdoedvaldomagalhaes.com.br\/?p=123591"},"modified":"2025-10-08T15:38:22","modified_gmt":"2025-10-08T18:38:22","slug":"policia-civil-desarticula-esquema-de-falsificacao-de-bebidas-alcoolicas-em-garanhuns","status":"publish","type":"post","link":"https:\/\/blogdoedvaldomagalhaes.com.br\/index.php\/2025\/10\/08\/policia-civil-desarticula-esquema-de-falsificacao-de-bebidas-alcoolicas-em-garanhuns\/","title":{"rendered":"Pol\u00edcia Civil desarticula esquema de falsifica\u00e7\u00e3o de bebidas alco\u00f3licas em Garanhuns"},"content":{"rendered":"<p><span style=\"font-size: revert;\">A Pol\u00edcia Civil de Pernambuco (PCPE) desarticulou, nesta segunda-feira (6), um esquema de fabrica\u00e7\u00e3o e distribui\u00e7\u00e3o de bebidas alco\u00f3licas falsificadas no munic\u00edpio de Garanhuns, no Agreste Meridional. A a\u00e7\u00e3o foi conduzida pela Delegacia de Garanhuns, com o apoio da 18\u00aa Delegacia Seccional (DESEC), resultando na pris\u00e3o em flagrante de tr\u00eas homens pelos crimes de associa\u00e7\u00e3o criminosa e falsifica\u00e7\u00e3o de produtos destinados ao consumo.<\/span><\/p>\n<p>As investiga\u00e7\u00f5es, presididas pelo delegado Victor Hugo, tiveram in\u00edcio a partir do aumento de casos de adultera\u00e7\u00e3o de bebidas em diversas regi\u00f5es do pa\u00eds. Durante as buscas, os policiais localizaram um galp\u00e3o no bairro Alo\u00edsio Pinto, de onde vinham ru\u00eddos e forte odor de \u00e1lcool. No ambiente, foram encontrados suspeitos realizando o envase e o lacre artesanal de garrafas com l\u00edquidos de apar\u00eancia e cheiro semelhantes a bebidas destiladas. Segundo informa\u00e7\u00f5es preliminares, o material seria distribu\u00eddo no com\u00e9rcio local e em munic\u00edpios vizinhos.<\/p>\n<p>\u201cA equipe prosseguiu com as dilig\u00eancias e encontrou um segundo dep\u00f3sito, situado no bairro Viana Moura, onde foram apreendidos lacres, ton\u00e9is de \u00e1lcool e materiais utilizados na falsifica\u00e7\u00e3o. No total, a opera\u00e7\u00e3o resultou na apreens\u00e3o de aproximadamente 1.500 garrafas, al\u00e9m de recipientes e equipamentos empregados na produ\u00e7\u00e3o\u201d, contou o delegado Victor Hugo..<\/p>\n<p>A Pol\u00edcia Cient\u00edfica de Pernambuco foi acionada para realizar o levantamento pericial no local. Segundo o perito Kleber Rosalvo Alencar Cardoso, da Unidade de Pol\u00edcia Cient\u00edfica do Agreste Meridional, as condi\u00e7\u00f5es encontradas eram prec\u00e1rias e sem qualquer controle sanit\u00e1rio. \u201cConstatamos uma f\u00e1brica clandestina de bebidas destiladas, funcionando em condi\u00e7\u00f5es totalmente inadequadas do ponto de vista da vigil\u00e2ncia sanit\u00e1ria e da higiene. O ambiente era bem sujo e armazenava grandes tanques com l\u00edquidos incolores e odor caracter\u00edstico de \u00e1lcool. Havia ainda centenas de garrafas antigas e caixas de marcas conhecidas, como Montilla e Dreher, prontas para distribui\u00e7\u00e3o\u201d, explicou o perito.<\/p>\n<p>Ainda segundo Kleber Cardoso, o espa\u00e7o apresentava risco de inc\u00eandio e de contamina\u00e7\u00e3o ambiental. \u201cO im\u00f3vel tinha perigo real de inc\u00eandio, dada a quantidade de \u00e1lcool e papel armazenados, com condi\u00e7\u00f5es prop\u00edcias para a prolifera\u00e7\u00e3o de insetos e roedores, podendo ter impacto para a sa\u00fade p\u00fablica\u201d, destacou. Materiais coletados durante a per\u00edcia ser\u00e3o encaminhados ao Laborat\u00f3rio de Qu\u00edmica Forense, no Recife, onde passar\u00e3o por an\u00e1lise t\u00e9cnica para determinar o teor alco\u00f3lico e identificar a presen\u00e7a de subst\u00e2ncias t\u00f3xicas, como o metanol.<\/p>\n<p>Os tr\u00eas suspeitos foram conduzidos \u00e0 Delegacia de Garanhuns, autuados em flagrante e encaminhados ao sistema prisional, ficando \u00e0 disposi\u00e7\u00e3o da Justi\u00e7a. As investiga\u00e7\u00f5es prosseguem para identificar outros envolvidos na produ\u00e7\u00e3o e comercializa\u00e7\u00e3o das bebidas falsificadas.<\/p>\n","protected":false},"excerpt":{"rendered":"<p>A Pol\u00edcia Civil de Pernambuco (PCPE) desarticulou, nesta segunda-feira (6), um esquema de fabrica\u00e7\u00e3o e distribui\u00e7\u00e3o de bebidas alco\u00f3licas falsificadas&hellip;<\/p>\n","protected":false},"author":1,"featured_media":123595,"comment_status":"closed","ping_status":"open","sticky":false,"template":"","format":"standard","meta":{"footnotes":""},"categories":[14121],"tags":[13146,34851,34634],"class_list":["post-123591","post","type-post","status-publish","format-standard","has-post-thumbnail","hentry","category-policial","tag-blog-edvaldo-magalhaes","tag-metanol","tag-portal-edvaldo-magalhaes"],"_links":{"self":[{"href":"https:\/\/blogdoedvaldomagalhaes.com.br\/index.php\/wp-json\/wp\/v2\/posts\/123591","targetHints":{"allow":["GET"]}}],"collection":[{"href":"https:\/\/blogdoedvaldomagalhaes.com.br\/index.php\/wp-json\/wp\/v2\/posts"}],"about":[{"href":"https:\/\/blogdoedvaldomagalhaes.com.br\/index.php\/wp-json\/wp\/v2\/types\/post"}],"author":[{"embeddable":true,"href":"https:\/\/blogdoedvaldomagalhaes.com.br\/index.php\/wp-json\/wp\/v2\/users\/1"}],"replies":[{"embeddable":true,"href":"https:\/\/blogdoedvaldomagalhaes.com.br\/index.php\/wp-json\/wp\/v2\/comments?post=123591"}],"version-history":[{"count":1,"href":"https:\/\/blogdoedvaldomagalhaes.com.br\/index.php\/wp-json\/wp\/v2\/posts\/123591\/revisions"}],"predecessor-version":[{"id":123592,"href":"https:\/\/blogdoedvaldomagalhaes.com.br\/index.php\/wp-json\/wp\/v2\/posts\/123591\/revisions\/123592"}],"wp:featuredmedia":[{"embeddable":true,"href":"https:\/\/blogdoedvaldomagalhaes.com.br\/index.php\/wp-json\/wp\/v2\/media\/123595"}],"wp:attachment":[{"href":"https:\/\/blogdoedvaldomagalhaes.com.br\/index.php\/wp-json\/wp\/v2\/media?parent=123591"}],"wp:term":[{"taxonomy":"category","embeddable":true,"href":"https:\/\/blogdoedvaldomagalhaes.com.br\/index.php\/wp-json\/wp\/v2\/categories?post=123591"},{"taxonomy":"post_tag","embeddable":true,"href":"https:\/\/blogdoedvaldomagalhaes.com.br\/index.php\/wp-json\/wp\/v2\/tags?post=123591"}],"curies":[{"name":"wp","href":"https:\/\/api.w.org\/{rel}","templated":true}]}}