{"id":123589,"date":"2025-10-08T15:19:03","date_gmt":"2025-10-08T18:19:03","guid":{"rendered":"https:\/\/blogdoedvaldomagalhaes.com.br\/?p=123589"},"modified":"2025-10-08T15:37:42","modified_gmt":"2025-10-08T18:37:42","slug":"policia-civil-interdita-fabrica-clandestina-de-bebidas-e-apreende-mais-de-30-mil-garrafas-em-vitoria-de-santo-antao","status":"publish","type":"post","link":"https:\/\/blogdoedvaldomagalhaes.com.br\/index.php\/2025\/10\/08\/policia-civil-interdita-fabrica-clandestina-de-bebidas-e-apreende-mais-de-30-mil-garrafas-em-vitoria-de-santo-antao\/","title":{"rendered":"Pol\u00edcia Civil interdita f\u00e1brica clandestina de bebidas e apreende mais de 30 mil garrafas em Vit\u00f3ria de Santo Ant\u00e3o"},"content":{"rendered":"<p><span style=\"font-size: revert;\">Nesta ter\u00e7a-feira (7), uma a\u00e7\u00e3o conjunta resultou na interdi\u00e7\u00e3o de dois estabelecimentos industriais utilizados para a fabrica\u00e7\u00e3o clandestina de bebidas alco\u00f3licas no munic\u00edpio de Vit\u00f3ria de Santo Ant\u00e3o. A opera\u00e7\u00e3o foi conduzida pela Pol\u00edcia Civil de Pernambuco, por meio da Delegacia do Consumidor (DECON\/PCPE), em parceria com a Ag\u00eancia Pernambucana de Vigil\u00e2ncia Sanit\u00e1ria (APEVISA), Minist\u00e9rio da Agricultura e Pecu\u00e1ria (MAPA) e Receita Federal.<\/span><\/p>\n<p>Durante as dilig\u00eancias, foram identificados dois galp\u00f5es, um utilizado para a lavagem e remo\u00e7\u00e3o de r\u00f3tulos de garrafas usadas e outro destinado ao envasamento de novos produtos. No local, as equipes constataram diversas irregularidades sanit\u00e1rias e fiscais, incluindo a aus\u00eancia de selos oficiais, falta de licen\u00e7a do MAPA para o envasamento, uso indevido de garrafas de outras marcas e aus\u00eancia de condi\u00e7\u00f5es adequadas de higiene.<\/p>\n<p>No total, mais de 30 mil garrafas e aproximadamente 40 mil litros de subst\u00e2ncia et\u00edlica foram apreendidos. Tamb\u00e9m foram encontradas garrafas de marcas conhecidas que seriam possivelmente reutilizadas para comercializa\u00e7\u00e3o fraudulenta, configurando falsifica\u00e7\u00e3o de marca e colocando em risco a sa\u00fade dos consumidores.<\/p>\n<p>Os dois estabelecimentos foram interditados, e todo o maquin\u00e1rio utilizado na produ\u00e7\u00e3o ilegal foi apreendido. Ao todo, 13 pessoas foram conduzidas \u00e0 DECON: 11 foram identificadas como funcion\u00e1rios e liberadas ap\u00f3s a lavratura de Termo Circunstanciado de Ocorr\u00eancia (TCO), enquanto outras duas pessoas identificadas como o respons\u00e1vel pela opera\u00e7\u00e3o e o manipulador qu\u00edmico, foram autuadas em flagrante delito e ser\u00e3o apresentadas em audi\u00eancia de cust\u00f3dia.<\/p>\n<p>A investiga\u00e7\u00e3o prossegue para identificar outros envolvidos e poss\u00edveis canais de distribui\u00e7\u00e3o dos produtos falsificados.<br \/>\nSeja seguidor do Instagram @portaledvaldomagalhaes.<br \/>\nFoto: Divulga\u00e7\u00e3o<\/p>\n","protected":false},"excerpt":{"rendered":"<p>Nesta ter\u00e7a-feira (7), uma a\u00e7\u00e3o conjunta resultou na interdi\u00e7\u00e3o de dois estabelecimentos industriais utilizados para a fabrica\u00e7\u00e3o clandestina de bebidas&hellip;<\/p>\n","protected":false},"author":1,"featured_media":123594,"comment_status":"closed","ping_status":"open","sticky":false,"template":"","format":"standard","meta":{"footnotes":""},"categories":[14121],"tags":[13146,34851,34634],"class_list":["post-123589","post","type-post","status-publish","format-standard","has-post-thumbnail","hentry","category-policial","tag-blog-edvaldo-magalhaes","tag-metanol","tag-portal-edvaldo-magalhaes"],"_links":{"self":[{"href":"https:\/\/blogdoedvaldomagalhaes.com.br\/index.php\/wp-json\/wp\/v2\/posts\/123589","targetHints":{"allow":["GET"]}}],"collection":[{"href":"https:\/\/blogdoedvaldomagalhaes.com.br\/index.php\/wp-json\/wp\/v2\/posts"}],"about":[{"href":"https:\/\/blogdoedvaldomagalhaes.com.br\/index.php\/wp-json\/wp\/v2\/types\/post"}],"author":[{"embeddable":true,"href":"https:\/\/blogdoedvaldomagalhaes.com.br\/index.php\/wp-json\/wp\/v2\/users\/1"}],"replies":[{"embeddable":true,"href":"https:\/\/blogdoedvaldomagalhaes.com.br\/index.php\/wp-json\/wp\/v2\/comments?post=123589"}],"version-history":[{"count":1,"href":"https:\/\/blogdoedvaldomagalhaes.com.br\/index.php\/wp-json\/wp\/v2\/posts\/123589\/revisions"}],"predecessor-version":[{"id":123590,"href":"https:\/\/blogdoedvaldomagalhaes.com.br\/index.php\/wp-json\/wp\/v2\/posts\/123589\/revisions\/123590"}],"wp:featuredmedia":[{"embeddable":true,"href":"https:\/\/blogdoedvaldomagalhaes.com.br\/index.php\/wp-json\/wp\/v2\/media\/123594"}],"wp:attachment":[{"href":"https:\/\/blogdoedvaldomagalhaes.com.br\/index.php\/wp-json\/wp\/v2\/media?parent=123589"}],"wp:term":[{"taxonomy":"category","embeddable":true,"href":"https:\/\/blogdoedvaldomagalhaes.com.br\/index.php\/wp-json\/wp\/v2\/categories?post=123589"},{"taxonomy":"post_tag","embeddable":true,"href":"https:\/\/blogdoedvaldomagalhaes.com.br\/index.php\/wp-json\/wp\/v2\/tags?post=123589"}],"curies":[{"name":"wp","href":"https:\/\/api.w.org\/{rel}","templated":true}]}}