{"id":123584,"date":"2025-10-08T14:32:27","date_gmt":"2025-10-08T17:32:27","guid":{"rendered":"https:\/\/blogdoedvaldomagalhaes.com.br\/?p=123584"},"modified":"2025-10-08T14:32:27","modified_gmt":"2025-10-08T17:32:27","slug":"accape-convoca-associados-para-eleicao-da-nova-diretoria-executiva","status":"publish","type":"post","link":"https:\/\/blogdoedvaldomagalhaes.com.br\/index.php\/2025\/10\/08\/accape-convoca-associados-para-eleicao-da-nova-diretoria-executiva\/","title":{"rendered":"A\u200bccape\u00a0convoca associados para elei\u00e7\u00e3o da nova\u00a0Diretoria Executiva"},"content":{"rendered":"<p class=\"s3\"><span class=\"s5\" style=\"font-size: revert;\"><span class=\"bumpedFont17\">A Associa\u00e7\u00e3o dos Contabilistas de Caruaru e Regi\u00e3o Agreste de Pernambuco (<\/span><\/span><span class=\"s5\" style=\"font-size: revert;\"><span class=\"bumpedFont17\">Accape<\/span><\/span><span class=\"s5\" style=\"font-size: revert;\"><span class=\"bumpedFont17\">) convoca os associados aptos a votar a comparecerem \u00e0 reuni\u00e3o da Assembleia Geral no dia 2<\/span><\/span><span class=\"s5\" style=\"font-size: revert;\"><span class=\"bumpedFont17\">8<\/span><\/span><span class=\"s5\" style=\"font-size: revert;\"><span class=\"bumpedFont17\"> de outubro, a partir das 8h30, na sede da associa\u00e7\u00e3o, com o objetivo de eleger a nova <\/span><\/span><span class=\"s5\" style=\"font-size: revert;\"><span class=\"bumpedFont17\">Diretoria Executiva, Conselho Fiscal <\/span><\/span><span class=\"s5\" style=\"font-size: revert;\"><span class=\"bumpedFont17\">e respectivos S<\/span><\/span><span class=\"s5\" style=\"font-size: revert;\"><span class=\"bumpedFont17\">uplentes que ficar\u00e3o \u00e0 frente da entidade <\/span><\/span><span class=\"s5\" style=\"font-size: revert;\"><span class=\"bumpedFont17\">no bi\u00eanio 2026-2027.<\/span><\/span><\/p>\n<p class=\"s6\"><a name=\"_GoBack\"><\/a><\/p>\n<p class=\"s6\"><span class=\"s5\"><span class=\"bumpedFont17\">Os associados que n\u00e3o estivem impedidos na forma do par\u00e1grafo \u00fanico do artigo 5\u00ba, dos estatutos sociais, e desejarem concorrer \u00e0s elei\u00e7\u00f5es para o preenchimento de cargos da diretoria executiva e membros do conselho fiscal, dever\u00e3o formar uma chapa completa para a ocupa\u00e7\u00e3o dos cargos dispon\u00edveis e apresentar candidatura por escrito na associa\u00e7\u00e3o, mediante protocolo, no prazo de at\u00e9 cinco dias antes do pleito.<\/span><\/span><\/p>\n<p class=\"s6\"><span class=\"s5\"><span class=\"bumpedFont17\">O resultado da elei\u00e7\u00e3o ser\u00e1 validado desde que a assembleia re\u00fana dois ter\u00e7os dos associados em 1\u00aa convoca\u00e7\u00e3o, um ter\u00e7o dos associados uma hora depois em segunda convoca\u00e7\u00e3o; e com qualquer n\u00famero de associados desde que decorridos 30 minutos da segunda convoca\u00e7\u00e3o.<\/span><\/span><\/p>\n<p class=\"s6\"><span class=\"s5\"><span class=\"bumpedFont17\">A vota\u00e7\u00e3o ter\u00e1 dura\u00e7\u00e3o de uma hora e ocorrer\u00e1 na sede da <\/span><\/span><span class=\"s5\"><span class=\"bumpedFont17\">Accape<\/span><\/span><span class=\"s5\"><span class=\"bumpedFont17\">, localizada na Avenida Agamenon Magalh\u00e3es, <\/span><\/span><span class=\"s5\"><span class=\"bumpedFont17\">1770, <\/span><\/span><span class=\"s5\"><span class=\"bumpedFont17\">apt<\/span><\/span><span class=\"s5\"><span class=\"bumpedFont17\"> 01, Bairro Maur\u00edcio de Nassau. \u00a0<\/span><\/span><\/p>\n<p class=\"s7\">\n","protected":false},"excerpt":{"rendered":"<p>A Associa\u00e7\u00e3o dos Contabilistas de Caruaru e Regi\u00e3o Agreste de Pernambuco (Accape) convoca os associados aptos a votar a comparecerem&hellip;<\/p>\n","protected":false},"author":1,"featured_media":123585,"comment_status":"closed","ping_status":"open","sticky":false,"template":"","format":"standard","meta":{"footnotes":""},"categories":[14120],"tags":[34931,13146,34634],"class_list":["post-123584","post","type-post","status-publish","format-standard","has-post-thumbnail","hentry","category-noticias","tag-accape-convoca-associados-para-eleicao-da-nova-diretoria-executiva","tag-blog-edvaldo-magalhaes","tag-portal-edvaldo-magalhaes"],"_links":{"self":[{"href":"https:\/\/blogdoedvaldomagalhaes.com.br\/index.php\/wp-json\/wp\/v2\/posts\/123584","targetHints":{"allow":["GET"]}}],"collection":[{"href":"https:\/\/blogdoedvaldomagalhaes.com.br\/index.php\/wp-json\/wp\/v2\/posts"}],"about":[{"href":"https:\/\/blogdoedvaldomagalhaes.com.br\/index.php\/wp-json\/wp\/v2\/types\/post"}],"author":[{"embeddable":true,"href":"https:\/\/blogdoedvaldomagalhaes.com.br\/index.php\/wp-json\/wp\/v2\/users\/1"}],"replies":[{"embeddable":true,"href":"https:\/\/blogdoedvaldomagalhaes.com.br\/index.php\/wp-json\/wp\/v2\/comments?post=123584"}],"version-history":[{"count":1,"href":"https:\/\/blogdoedvaldomagalhaes.com.br\/index.php\/wp-json\/wp\/v2\/posts\/123584\/revisions"}],"predecessor-version":[{"id":123586,"href":"https:\/\/blogdoedvaldomagalhaes.com.br\/index.php\/wp-json\/wp\/v2\/posts\/123584\/revisions\/123586"}],"wp:featuredmedia":[{"embeddable":true,"href":"https:\/\/blogdoedvaldomagalhaes.com.br\/index.php\/wp-json\/wp\/v2\/media\/123585"}],"wp:attachment":[{"href":"https:\/\/blogdoedvaldomagalhaes.com.br\/index.php\/wp-json\/wp\/v2\/media?parent=123584"}],"wp:term":[{"taxonomy":"category","embeddable":true,"href":"https:\/\/blogdoedvaldomagalhaes.com.br\/index.php\/wp-json\/wp\/v2\/categories?post=123584"},{"taxonomy":"post_tag","embeddable":true,"href":"https:\/\/blogdoedvaldomagalhaes.com.br\/index.php\/wp-json\/wp\/v2\/tags?post=123584"}],"curies":[{"name":"wp","href":"https:\/\/api.w.org\/{rel}","templated":true}]}}