{"id":123579,"date":"2025-10-08T13:41:04","date_gmt":"2025-10-08T16:41:04","guid":{"rendered":"https:\/\/blogdoedvaldomagalhaes.com.br\/?p=123579"},"modified":"2025-10-08T13:47:50","modified_gmt":"2025-10-08T16:47:50","slug":"em-caruaru-dia-do-nordestino-e-marcado-por-inauguracao-da-casa-do-cordel-mestre-dila-e-lancamento-do-edital-do-sao-joao-2026","status":"publish","type":"post","link":"https:\/\/blogdoedvaldomagalhaes.com.br\/index.php\/2025\/10\/08\/em-caruaru-dia-do-nordestino-e-marcado-por-inauguracao-da-casa-do-cordel-mestre-dila-e-lancamento-do-edital-do-sao-joao-2026\/","title":{"rendered":"Em Caruaru, Dia do Nordestino \u00e9 marcado por inaugura\u00e7\u00e3o da Casa do Cordel Mestre Dila e lan\u00e7amento do edital do S\u00e3o Jo\u00e3o 2026"},"content":{"rendered":"<p>Caruaru ganhou um novo espa\u00e7o de celebra\u00e7\u00e3o da cultura. Nesta quarta-feira (8), Dia do Nordestino, a Capital do Agreste celebrou a inaugura\u00e7\u00e3o da Casa do Cordel Mestre Dila, localizada no cora\u00e7\u00e3o do Paraue 18 de Maio. A abertura recebeu autoridades municipais, al\u00e9m de artistas emblem\u00e1ticos, como o Mestre Onildo Almeida e o Maestro Mozart Vieira. Na ocasi\u00e3o, o prefeito Rodrigo Pinheiro tamb\u00e9m anunciou o lan\u00e7amento do edital do S\u00e3o Jo\u00e3o 2026, publicado dois meses antes do prazo habitual para garantir mais tempo de prepara\u00e7\u00e3o para os artistas.<\/p>\n<p>O novo espa\u00e7o inaugurado, que ir\u00e1 sediar debates com estudantes, escritores e artistas, refor\u00e7a o compromisso da gest\u00e3o municipal com a salvaguarda do patrim\u00f4nio cultural e a dissemina\u00e7\u00e3o da identidade local. \u201cO cordel \u00e9 patrim\u00f4nio brasileiro, ent\u00e3o essas a\u00e7\u00f5es fortalecem todo o processo da Feira, que tamb\u00e9m \u00e9 patrim\u00f4nio material e imaterial. Ano que vem, celebramos 20 anos do t\u00edtulo da Feira de Caruaru e essa iniciativa integra esse movimento de reconstru\u00e7\u00e3o e valoriza\u00e7\u00e3o da nossa hist\u00f3ria. O cordel est\u00e1 voltando a ter esse espa\u00e7o de mem\u00f3ria e de viv\u00eancia, de domingo a domingo, especialmente aos s\u00e1bados, quando a feira pulsa com mais for\u00e7a\u201d, celebrou o Presidente da Funda\u00e7\u00e3o de Cultura, H\u00e9rlon Cavalcanti.<\/p>\n<p><img loading=\"lazy\" decoding=\"async\" src=\"https:\/\/blogdoedvaldomagalhaes.com.br\/wp-content\/uploads\/2025\/10\/img-20251008-wa00997664244304032131307.jpg\" class=\"alignnone size-full wp-image-123582\" width=\"1600\" height=\"1066\" srcset=\"https:\/\/blogdoedvaldomagalhaes.com.br\/wp-content\/uploads\/2025\/10\/img-20251008-wa00997664244304032131307.jpg 1600w, https:\/\/blogdoedvaldomagalhaes.com.br\/wp-content\/uploads\/2025\/10\/img-20251008-wa00997664244304032131307-300x200.jpg 300w, https:\/\/blogdoedvaldomagalhaes.com.br\/wp-content\/uploads\/2025\/10\/img-20251008-wa00997664244304032131307-1024x682.jpg 1024w, https:\/\/blogdoedvaldomagalhaes.com.br\/wp-content\/uploads\/2025\/10\/img-20251008-wa00997664244304032131307-768x512.jpg 768w, https:\/\/blogdoedvaldomagalhaes.com.br\/wp-content\/uploads\/2025\/10\/img-20251008-wa00997664244304032131307-1536x1023.jpg 1536w\" sizes=\"auto, (max-width: 1600px) 100vw, 1600px\" \/><\/p>\n<p>Durante o evento, o prefeito Rodrigo Pinheiro anunciou a antecipa\u00e7\u00e3o do edital do S\u00e3o Jo\u00e3o 2026, que estar\u00e1 dispon\u00edvel no Mapa Cultural a partir das 14h. As inscri\u00e7\u00f5es ter\u00e3o in\u00edcio no dia 16 de outubro e seguir\u00e3o at\u00e9 16 de novembro, por meio do endere\u00e7o: https:\/\/mapacultural.caruaru.pe.gov.br\/.<\/p>\n<p>\u201cAntecipando todo esse movimento, a gente consegue anunciar tamb\u00e9m a grade de maneira antecipada. Isso movimenta toda a economia, todo o trade tur\u00edstico, bares, restaurantes\u2026 Ou seja, \u00e9 uma a\u00e7\u00e3o que d\u00e1 resultado, resultado econ\u00f4mico e, mais ainda, valoriza ainda mais a nossa cultura. Os nossos artistas ter\u00e3o mais tempo ainda para, sabendo quais dias v\u00e3o se apresentarem aqui em Caruaru, fazerem suas grades, venderem os seus shows para outras cidades, tendo a vitrine de Caruaru\u201d, comemorou o prefeito Rodrigo Pinheiro.<br \/>\nSiga o Instagram @portaledvaldomagalhaes<br \/>\nFotos: Elvis Edson\/Secom\/PMC<\/p>\n","protected":false},"excerpt":{"rendered":"<p>Caruaru ganhou um novo espa\u00e7o de celebra\u00e7\u00e3o da cultura. Nesta quarta-feira (8), Dia do Nordestino, a Capital do Agreste celebrou&hellip;<\/p>\n","protected":false},"author":1,"featured_media":123580,"comment_status":"closed","ping_status":"open","sticky":false,"template":"","format":"standard","meta":{"footnotes":""},"categories":[14120],"tags":[13146,3406,34930,34634],"class_list":["post-123579","post","type-post","status-publish","format-standard","has-post-thumbnail","hentry","category-noticias","tag-blog-edvaldo-magalhaes","tag-caruaru","tag-dia-do-nordestino-e-marcado-por-inauguracao-da-casa-do-cordel-mestre-dila-e-lancamento-do-edital-do-sao-joao-2026","tag-portal-edvaldo-magalhaes"],"_links":{"self":[{"href":"https:\/\/blogdoedvaldomagalhaes.com.br\/index.php\/wp-json\/wp\/v2\/posts\/123579","targetHints":{"allow":["GET"]}}],"collection":[{"href":"https:\/\/blogdoedvaldomagalhaes.com.br\/index.php\/wp-json\/wp\/v2\/posts"}],"about":[{"href":"https:\/\/blogdoedvaldomagalhaes.com.br\/index.php\/wp-json\/wp\/v2\/types\/post"}],"author":[{"embeddable":true,"href":"https:\/\/blogdoedvaldomagalhaes.com.br\/index.php\/wp-json\/wp\/v2\/users\/1"}],"replies":[{"embeddable":true,"href":"https:\/\/blogdoedvaldomagalhaes.com.br\/index.php\/wp-json\/wp\/v2\/comments?post=123579"}],"version-history":[{"count":2,"href":"https:\/\/blogdoedvaldomagalhaes.com.br\/index.php\/wp-json\/wp\/v2\/posts\/123579\/revisions"}],"predecessor-version":[{"id":123583,"href":"https:\/\/blogdoedvaldomagalhaes.com.br\/index.php\/wp-json\/wp\/v2\/posts\/123579\/revisions\/123583"}],"wp:featuredmedia":[{"embeddable":true,"href":"https:\/\/blogdoedvaldomagalhaes.com.br\/index.php\/wp-json\/wp\/v2\/media\/123580"}],"wp:attachment":[{"href":"https:\/\/blogdoedvaldomagalhaes.com.br\/index.php\/wp-json\/wp\/v2\/media?parent=123579"}],"wp:term":[{"taxonomy":"category","embeddable":true,"href":"https:\/\/blogdoedvaldomagalhaes.com.br\/index.php\/wp-json\/wp\/v2\/categories?post=123579"},{"taxonomy":"post_tag","embeddable":true,"href":"https:\/\/blogdoedvaldomagalhaes.com.br\/index.php\/wp-json\/wp\/v2\/tags?post=123579"}],"curies":[{"name":"wp","href":"https:\/\/api.w.org\/{rel}","templated":true}]}}