{"id":123576,"date":"2025-10-08T13:21:05","date_gmt":"2025-10-08T16:21:05","guid":{"rendered":"https:\/\/blogdoedvaldomagalhaes.com.br\/?p=123576"},"modified":"2025-10-08T13:21:05","modified_gmt":"2025-10-08T16:21:05","slug":"aprovada-a-prorrogacao-dos-mandatos-da-atual-diretoria-e-do-conselho-fiscal-da-cdl-caruaru","status":"publish","type":"post","link":"https:\/\/blogdoedvaldomagalhaes.com.br\/index.php\/2025\/10\/08\/aprovada-a-prorrogacao-dos-mandatos-da-atual-diretoria-e-do-conselho-fiscal-da-cdl-caruaru\/","title":{"rendered":"Aprovada a prorroga\u00e7\u00e3o dos mandatos da atual diretoria e do conselho fiscal da CDL Caruaru"},"content":{"rendered":"<p>Os mandatos da atual diretoria e do conselho fiscal da C\u00e2mara de Dirigentes Lojistas de Caruaru ser\u00e3o prorrogados por mais um tri\u00eanio (2026\/2028). A decis\u00e3o foi tomada pelos diretores e conselheiros na reuni\u00e3o extraordin\u00e1ria realizada nesta segunda-feira (06\/10), na sede da entidade. Com isso, Rossini Batista segue no cargo de presidente da CDL Caruaru at\u00e9 31 de dezembro de 2028, sendo que o novo ciclo ter\u00e1 in\u00edcio no dia 1\u00ba de janeiro de 2026.<\/p>\n<p>A prorroga\u00e7\u00e3o dos mandatos acompanha o processo ocorrido na Confedera\u00e7\u00e3o Nacional de Dirigentes Lojistas (CNDL), que validou a manuten\u00e7\u00e3o dos atuais diretores e conselheiros, de acordo com a prerrogativa prevista em seu Estatuto Social. \u201cO Estatuto Social da CDL Caruaru tamb\u00e9m expressa, no \u00a7 4\u00ba do art. 64, essa possibilidade, sendo autom\u00e1tica, por exig\u00eancia da pr\u00f3pria confedera\u00e7\u00e3o\u201d, explicou Jan Grunberg, assessor jur\u00eddico da entidade, que participou da reuni\u00e3o.<\/p>\n<p>Diante da decis\u00e3o, a assembleia prevista para o dia 13 de outubro, que marcaria a elei\u00e7\u00e3o para uma nova diretoria, fica cancelada, uma vez que a decis\u00e3o pela prorroga\u00e7\u00e3o dos mandatos foi aclamada por unanimidade.<\/p>\n<p>Assim, ap\u00f3s Rossini Batista manifestar a sua aceita\u00e7\u00e3o em permanecer no cargo at\u00e9 o final de 2028, est\u00e3o mantidas as seguintes composi\u00e7\u00f5es da diretoria e conselho fiscal da CDL Caruaru:<\/p>\n<p>DIRETORIA<br \/>\nRossini Batista de Mendon\u00e7a \u2013 Presidente<br \/>\nFernando Ant\u00f4nio Souto de Oliveira Junior \u2013 1\u00ba Vice-presidente<br \/>\nValdir Carlos L de Carvalho \u2013 2\u00ba Vice-presidente<br \/>\nAlmir Bezerra Leite \u2013 3\u00ba Vice-presidente<br \/>\nMiguel Silveira Duarte \u2013 1\u00ba Secret\u00e1rio<br \/>\nCarlos Alberto Pereira da Silva \u2013 2\u00ba Secret\u00e1rio<br \/>\nMarcos Ant\u00f4nio Silva \u2013 1\u00ba Tesoureiro<br \/>\nEdson Ant\u00f4nio Silva \u2013 2\u00ba Tesoureiro<br \/>\nGustavo da Cunha Melo \u2013 Diretor Administrativo<br \/>\nAdjar Soares da Silva \u2013 1\u00ba Diretor de Produtos e Servi\u00e7os<br \/>\nJos\u00e9 Rogaciano da Paz \u2013 2\u00ba Diretor de Produtos e Servi\u00e7os<br \/>\nCl\u00e1udio Lobo Mendon\u00e7a \u2013 Diretor de Patrim\u00f4nio<br \/>\nAr\u00e3o Bezerra Leal \u2013 Diretor de Eventos<br \/>\nFrancisco Vasconcelos Jord\u00e3o Filho \u2013 Diretor de Marketing<br \/>\nRog\u00e9rio Ant\u00f4nio C de Almeida \u2013 Diretor de Centro Comerciais<\/p>\n<p>CONSELHO FISCAL<br \/>\nDjalma Farias Cintra<br \/>\nIvan Jos\u00e9 de Carvalho Galv\u00e3o<br \/>\nMarcos Luiz Mariano de Lima<br \/>\nJos\u00e9 Bezerra Filho<br \/>\nJo\u00e3o Batista Viana da Silva<br \/>\nMoacir Latino Pontes<br \/>\nSeja seguidor do Instagram @portaledvaldomagalhaes<br \/>\nFoto: Alume Filmes<\/p>\n","protected":false},"excerpt":{"rendered":"<p>Os mandatos da atual diretoria e do conselho fiscal da C\u00e2mara de Dirigentes Lojistas de Caruaru ser\u00e3o prorrogados por mais&hellip;<\/p>\n","protected":false},"author":1,"featured_media":123577,"comment_status":"closed","ping_status":"open","sticky":false,"template":"","format":"standard","meta":{"footnotes":""},"categories":[14120],"tags":[34929,13146,34634],"class_list":["post-123576","post","type-post","status-publish","format-standard","has-post-thumbnail","hentry","category-noticias","tag-aprovada-a-prorrogacao-dos-mandatos-da-atual-diretoria-e-do-conselho-fiscal-da-cdl-caruaru","tag-blog-edvaldo-magalhaes","tag-portal-edvaldo-magalhaes"],"_links":{"self":[{"href":"https:\/\/blogdoedvaldomagalhaes.com.br\/index.php\/wp-json\/wp\/v2\/posts\/123576","targetHints":{"allow":["GET"]}}],"collection":[{"href":"https:\/\/blogdoedvaldomagalhaes.com.br\/index.php\/wp-json\/wp\/v2\/posts"}],"about":[{"href":"https:\/\/blogdoedvaldomagalhaes.com.br\/index.php\/wp-json\/wp\/v2\/types\/post"}],"author":[{"embeddable":true,"href":"https:\/\/blogdoedvaldomagalhaes.com.br\/index.php\/wp-json\/wp\/v2\/users\/1"}],"replies":[{"embeddable":true,"href":"https:\/\/blogdoedvaldomagalhaes.com.br\/index.php\/wp-json\/wp\/v2\/comments?post=123576"}],"version-history":[{"count":1,"href":"https:\/\/blogdoedvaldomagalhaes.com.br\/index.php\/wp-json\/wp\/v2\/posts\/123576\/revisions"}],"predecessor-version":[{"id":123578,"href":"https:\/\/blogdoedvaldomagalhaes.com.br\/index.php\/wp-json\/wp\/v2\/posts\/123576\/revisions\/123578"}],"wp:featuredmedia":[{"embeddable":true,"href":"https:\/\/blogdoedvaldomagalhaes.com.br\/index.php\/wp-json\/wp\/v2\/media\/123577"}],"wp:attachment":[{"href":"https:\/\/blogdoedvaldomagalhaes.com.br\/index.php\/wp-json\/wp\/v2\/media?parent=123576"}],"wp:term":[{"taxonomy":"category","embeddable":true,"href":"https:\/\/blogdoedvaldomagalhaes.com.br\/index.php\/wp-json\/wp\/v2\/categories?post=123576"},{"taxonomy":"post_tag","embeddable":true,"href":"https:\/\/blogdoedvaldomagalhaes.com.br\/index.php\/wp-json\/wp\/v2\/tags?post=123576"}],"curies":[{"name":"wp","href":"https:\/\/api.w.org\/{rel}","templated":true}]}}