{"id":123572,"date":"2025-10-08T10:14:24","date_gmt":"2025-10-08T13:14:24","guid":{"rendered":"https:\/\/blogdoedvaldomagalhaes.com.br\/?p=123572"},"modified":"2025-10-08T10:18:54","modified_gmt":"2025-10-08T13:18:54","slug":"comercio-de-caruaru-podera-praticar-jornada-de-trabalho-no-feriado-de-12-de-outubro","status":"publish","type":"post","link":"https:\/\/blogdoedvaldomagalhaes.com.br\/index.php\/2025\/10\/08\/comercio-de-caruaru-podera-praticar-jornada-de-trabalho-no-feriado-de-12-de-outubro\/","title":{"rendered":"Com\u00e9rcio de Caruaru poder\u00e1 praticar jornada de trabalho no feriado de 12 de outubro"},"content":{"rendered":"<p>O Sindicato dos Lojistas do Com\u00e9rcio de Caruaru (Sindloja) informa que as empresas do com\u00e9rcio de Caruaru e dos centros de compras poder\u00e3o praticar jornada de trabalho no dia 12 de outubro, feriado nacional em homenagem \u00e0 padroeira do Brasil, Nossa Senhora Aparecida.<\/p>\n<p>As empresas interessadas dever\u00e3o cumprir as condi\u00e7\u00f5es previstas na Conven\u00e7\u00e3o Coletiva de Trabalho (CCT), que incluem o pagamento de ajuda de custo; fornecimento de refei\u00e7\u00e3o ou aux\u00edlio-alimenta\u00e7\u00e3o para trabalhadores que realizarem apenas uma hora de intervalo para almo\u00e7o; concess\u00e3o de vale-transporte; e a garantia de uma folga compensat\u00f3ria no prazo de at\u00e9 30 dias.<\/p>\n<p>A autoriza\u00e7\u00e3o para funcionamento dever\u00e1 ser solicitada exclusivamente pela plataforma E-Sind. O descumprimento das exig\u00eancias acarretar\u00e1 penalidades previstas na CCT.<br \/>\nSiga o Instagram @portaledvaldomagalhaes<br \/>\nFot: Reprodu\u00e7\u00e3o<\/p>\n","protected":false},"excerpt":{"rendered":"<p>O Sindicato dos Lojistas do Com\u00e9rcio de Caruaru (Sindloja) informa que as empresas do com\u00e9rcio de Caruaru e dos centros&hellip;<\/p>\n","protected":false},"author":1,"featured_media":62654,"comment_status":"closed","ping_status":"open","sticky":false,"template":"","format":"standard","meta":{"footnotes":""},"categories":[14120],"tags":[13146,34928,34634],"class_list":["post-123572","post","type-post","status-publish","format-standard","has-post-thumbnail","hentry","category-noticias","tag-blog-edvaldo-magalhaes","tag-comercio-de-caruaru-podera-praticar-jornada-de-trabalho-no-feriado-de-12-de-outubro","tag-portal-edvaldo-magalhaes"],"_links":{"self":[{"href":"https:\/\/blogdoedvaldomagalhaes.com.br\/index.php\/wp-json\/wp\/v2\/posts\/123572","targetHints":{"allow":["GET"]}}],"collection":[{"href":"https:\/\/blogdoedvaldomagalhaes.com.br\/index.php\/wp-json\/wp\/v2\/posts"}],"about":[{"href":"https:\/\/blogdoedvaldomagalhaes.com.br\/index.php\/wp-json\/wp\/v2\/types\/post"}],"author":[{"embeddable":true,"href":"https:\/\/blogdoedvaldomagalhaes.com.br\/index.php\/wp-json\/wp\/v2\/users\/1"}],"replies":[{"embeddable":true,"href":"https:\/\/blogdoedvaldomagalhaes.com.br\/index.php\/wp-json\/wp\/v2\/comments?post=123572"}],"version-history":[{"count":2,"href":"https:\/\/blogdoedvaldomagalhaes.com.br\/index.php\/wp-json\/wp\/v2\/posts\/123572\/revisions"}],"predecessor-version":[{"id":123574,"href":"https:\/\/blogdoedvaldomagalhaes.com.br\/index.php\/wp-json\/wp\/v2\/posts\/123572\/revisions\/123574"}],"wp:featuredmedia":[{"embeddable":true,"href":"https:\/\/blogdoedvaldomagalhaes.com.br\/index.php\/wp-json\/wp\/v2\/media\/62654"}],"wp:attachment":[{"href":"https:\/\/blogdoedvaldomagalhaes.com.br\/index.php\/wp-json\/wp\/v2\/media?parent=123572"}],"wp:term":[{"taxonomy":"category","embeddable":true,"href":"https:\/\/blogdoedvaldomagalhaes.com.br\/index.php\/wp-json\/wp\/v2\/categories?post=123572"},{"taxonomy":"post_tag","embeddable":true,"href":"https:\/\/blogdoedvaldomagalhaes.com.br\/index.php\/wp-json\/wp\/v2\/tags?post=123572"}],"curies":[{"name":"wp","href":"https:\/\/api.w.org\/{rel}","templated":true}]}}