{"id":123569,"date":"2025-10-07T19:16:08","date_gmt":"2025-10-07T22:16:08","guid":{"rendered":"https:\/\/blogdoedvaldomagalhaes.com.br\/?p=123569"},"modified":"2025-10-07T19:16:08","modified_gmt":"2025-10-07T22:16:08","slug":"protecao-a-infancia-pl-do-vereador-silvio-nascimento-conquista-aprovacao-unanime","status":"publish","type":"post","link":"https:\/\/blogdoedvaldomagalhaes.com.br\/index.php\/2025\/10\/07\/protecao-a-infancia-pl-do-vereador-silvio-nascimento-conquista-aprovacao-unanime\/","title":{"rendered":"Prote\u00e7\u00e3o \u00e0 Inf\u00e2ncia: PL do vereador Silvio Nascimento conquista aprova\u00e7\u00e3o un\u00e2nime"},"content":{"rendered":"<p>O vereador Silvio Nascimento protocolou na C\u00e2mara Municipal de Caruaru o Projeto de Lei \u201cProte\u00e7\u00e3o \u00e0 Inf\u00e2ncia nas Escolas\u201d, que estabelece diretrizes para resguardar crian\u00e7as e adolescentes de conte\u00fados considerados inadequados no ambiente escolar.<\/p>\n<p>A proposta prev\u00ea a proibi\u00e7\u00e3o de apresenta\u00e7\u00f5es musicais, dan\u00e7as, encena\u00e7\u00f5es teatrais ou quaisquer manifesta\u00e7\u00f5es culturais e art\u00edsticas com cunho sexual depreciativo ou que possam expor estudantes a temas incompat\u00edveis com sua faixa et\u00e1ria. A norma abrange tanto atividades realizadas nas depend\u00eancias das unidades escolares quanto aquelas promovidas pelas escolas fora de seus espa\u00e7os f\u00edsicos.<\/p>\n<p>Inspirada nos princ\u00edpios do Estatuto da Crian\u00e7a e do Adolescente (ECA), a medida busca assegurar a prote\u00e7\u00e3o integral e o desenvolvimento saud\u00e1vel dos alunos da rede municipal. De acordo com o vereador, a iniciativa visa garantir um ambiente educacional seguro, \u00e9tico e apropriado para a forma\u00e7\u00e3o integral dos estudantes de Caruaru.<\/p>\n<p>Experi\u00eancias semelhantes j\u00e1 v\u00eam sendo adotadas em outras cidades do pa\u00eds, refor\u00e7ando a import\u00e2ncia da preven\u00e7\u00e3o \u00e0 sexualiza\u00e7\u00e3o precoce e da valoriza\u00e7\u00e3o do espa\u00e7o escolar como ambiente de forma\u00e7\u00e3o cidad\u00e3.<\/p>\n<p>Segundo o vereador Silvio Nascimento: &#8220;Nosso compromisso \u00e9 com a defesa da inf\u00e2ncia e da adolesc\u00eancia. Este projeto representa um passo fundamental para assegurar que as escolas de Caruaru continuem sendo espa\u00e7os de aprendizado, conviv\u00eancia e desenvolvimento, livres de influ\u00eancias que possam comprometer a integridade f\u00edsica, emocional e moral de nossas crian\u00e7as.&#8221;<br \/>\nO projeto foi aprovado por unanimidade pelos vereadores, consolidando um marco importante na prote\u00e7\u00e3o dos direitos de crian\u00e7as e adolescentes no munic\u00edpio.<br \/>\nSiga o Instagram @portaledvaldomagalhaes<br \/>\nFoto: Vladimir Barreto <\/p>\n","protected":false},"excerpt":{"rendered":"<p>O vereador Silvio Nascimento protocolou na C\u00e2mara Municipal de Caruaru o Projeto de Lei \u201cProte\u00e7\u00e3o \u00e0 Inf\u00e2ncia nas Escolas\u201d, que&hellip;<\/p>\n","protected":false},"author":1,"featured_media":123570,"comment_status":"closed","ping_status":"open","sticky":false,"template":"","format":"standard","meta":{"footnotes":""},"categories":[14122],"tags":[13146,20,34634,34927],"class_list":["post-123569","post","type-post","status-publish","format-standard","has-post-thumbnail","hentry","category-politica","tag-blog-edvaldo-magalhaes","tag-politica","tag-portal-edvaldo-magalhaes","tag-protecao-a-infancia-pl-do-vereador-silvio-nascimento-conquista-aprovacao-unanime"],"_links":{"self":[{"href":"https:\/\/blogdoedvaldomagalhaes.com.br\/index.php\/wp-json\/wp\/v2\/posts\/123569","targetHints":{"allow":["GET"]}}],"collection":[{"href":"https:\/\/blogdoedvaldomagalhaes.com.br\/index.php\/wp-json\/wp\/v2\/posts"}],"about":[{"href":"https:\/\/blogdoedvaldomagalhaes.com.br\/index.php\/wp-json\/wp\/v2\/types\/post"}],"author":[{"embeddable":true,"href":"https:\/\/blogdoedvaldomagalhaes.com.br\/index.php\/wp-json\/wp\/v2\/users\/1"}],"replies":[{"embeddable":true,"href":"https:\/\/blogdoedvaldomagalhaes.com.br\/index.php\/wp-json\/wp\/v2\/comments?post=123569"}],"version-history":[{"count":1,"href":"https:\/\/blogdoedvaldomagalhaes.com.br\/index.php\/wp-json\/wp\/v2\/posts\/123569\/revisions"}],"predecessor-version":[{"id":123571,"href":"https:\/\/blogdoedvaldomagalhaes.com.br\/index.php\/wp-json\/wp\/v2\/posts\/123569\/revisions\/123571"}],"wp:featuredmedia":[{"embeddable":true,"href":"https:\/\/blogdoedvaldomagalhaes.com.br\/index.php\/wp-json\/wp\/v2\/media\/123570"}],"wp:attachment":[{"href":"https:\/\/blogdoedvaldomagalhaes.com.br\/index.php\/wp-json\/wp\/v2\/media?parent=123569"}],"wp:term":[{"taxonomy":"category","embeddable":true,"href":"https:\/\/blogdoedvaldomagalhaes.com.br\/index.php\/wp-json\/wp\/v2\/categories?post=123569"},{"taxonomy":"post_tag","embeddable":true,"href":"https:\/\/blogdoedvaldomagalhaes.com.br\/index.php\/wp-json\/wp\/v2\/tags?post=123569"}],"curies":[{"name":"wp","href":"https:\/\/api.w.org\/{rel}","templated":true}]}}