{"id":123566,"date":"2025-10-07T18:52:42","date_gmt":"2025-10-07T21:52:42","guid":{"rendered":"https:\/\/blogdoedvaldomagalhaes.com.br\/?p=123566"},"modified":"2025-10-07T18:52:42","modified_gmt":"2025-10-07T21:52:42","slug":"mototaxistas-poderao-se-regularizar-na-amc-apos-pedido-do-vereador-cabo-cardoso-e-projeto-de-lei-enviado-ao-prefeito","status":"publish","type":"post","link":"https:\/\/blogdoedvaldomagalhaes.com.br\/index.php\/2025\/10\/07\/mototaxistas-poderao-se-regularizar-na-amc-apos-pedido-do-vereador-cabo-cardoso-e-projeto-de-lei-enviado-ao-prefeito\/","title":{"rendered":"Mototaxistas poder\u00e3o se regularizar na AMC, ap\u00f3s pedido do vereador Cabo Cardoso, e Projeto de Lei enviado ao prefeito"},"content":{"rendered":"<p>O Vereador Cabo Cardoso comemora a aprova\u00e7\u00e3o do projeto de lei 10.253\/25 que dar oportunidade aos mototaxitas que perderam seus cadastros de poderem se regularizar junto a Autarquia de Mobilidade de Caruaru AMC, o vereador Cabo Cardoso fez um *requerimento,* o prefeito atendeu o pedido enviando para a c\u00e2mara o projeto de lei que d\u00e1 oportunidade de regulamenta\u00e7\u00e3o aos mototaxitas que perderam seus alvar\u00e1s junto ao \u00f3rg\u00e3o de tr\u00e2nsito.<\/p>\n","protected":false},"excerpt":{"rendered":"<p>O Vereador Cabo Cardoso comemora a aprova\u00e7\u00e3o do projeto de lei 10.253\/25 que dar oportunidade aos mototaxitas que perderam seus&hellip;<\/p>\n","protected":false},"author":1,"featured_media":123567,"comment_status":"closed","ping_status":"open","sticky":false,"template":"","format":"standard","meta":{"footnotes":""},"categories":[14122],"tags":[13146,20792,20,34634],"class_list":["post-123566","post","type-post","status-publish","format-standard","has-post-thumbnail","hentry","category-politica","tag-blog-edvaldo-magalhaes","tag-cabo-cardoso","tag-politica","tag-portal-edvaldo-magalhaes"],"_links":{"self":[{"href":"https:\/\/blogdoedvaldomagalhaes.com.br\/index.php\/wp-json\/wp\/v2\/posts\/123566","targetHints":{"allow":["GET"]}}],"collection":[{"href":"https:\/\/blogdoedvaldomagalhaes.com.br\/index.php\/wp-json\/wp\/v2\/posts"}],"about":[{"href":"https:\/\/blogdoedvaldomagalhaes.com.br\/index.php\/wp-json\/wp\/v2\/types\/post"}],"author":[{"embeddable":true,"href":"https:\/\/blogdoedvaldomagalhaes.com.br\/index.php\/wp-json\/wp\/v2\/users\/1"}],"replies":[{"embeddable":true,"href":"https:\/\/blogdoedvaldomagalhaes.com.br\/index.php\/wp-json\/wp\/v2\/comments?post=123566"}],"version-history":[{"count":1,"href":"https:\/\/blogdoedvaldomagalhaes.com.br\/index.php\/wp-json\/wp\/v2\/posts\/123566\/revisions"}],"predecessor-version":[{"id":123568,"href":"https:\/\/blogdoedvaldomagalhaes.com.br\/index.php\/wp-json\/wp\/v2\/posts\/123566\/revisions\/123568"}],"wp:featuredmedia":[{"embeddable":true,"href":"https:\/\/blogdoedvaldomagalhaes.com.br\/index.php\/wp-json\/wp\/v2\/media\/123567"}],"wp:attachment":[{"href":"https:\/\/blogdoedvaldomagalhaes.com.br\/index.php\/wp-json\/wp\/v2\/media?parent=123566"}],"wp:term":[{"taxonomy":"category","embeddable":true,"href":"https:\/\/blogdoedvaldomagalhaes.com.br\/index.php\/wp-json\/wp\/v2\/categories?post=123566"},{"taxonomy":"post_tag","embeddable":true,"href":"https:\/\/blogdoedvaldomagalhaes.com.br\/index.php\/wp-json\/wp\/v2\/tags?post=123566"}],"curies":[{"name":"wp","href":"https:\/\/api.w.org\/{rel}","templated":true}]}}