{"id":123564,"date":"2025-10-07T17:44:07","date_gmt":"2025-10-07T20:44:07","guid":{"rendered":"https:\/\/blogdoedvaldomagalhaes.com.br\/?p=123564"},"modified":"2025-10-07T17:44:07","modified_gmt":"2025-10-07T20:44:07","slug":"senac-vai-comemorar-o-dia-internacional-da-saude-mental-com-evento-gratuito-no-centro-de-convencoes-em-caruaru-nesta-quinta-9","status":"publish","type":"post","link":"https:\/\/blogdoedvaldomagalhaes.com.br\/index.php\/2025\/10\/07\/senac-vai-comemorar-o-dia-internacional-da-saude-mental-com-evento-gratuito-no-centro-de-convencoes-em-caruaru-nesta-quinta-9\/","title":{"rendered":"Senac vai comemorar o Dia Internacional da Sa\u00fade Mental com evento gratuito no Centro de Conven\u00e7\u00f5es em Caruaru nesta quinta (9)"},"content":{"rendered":"<p>Nesta quinta-feira dia 09 de outubro, o Senac em Caruaru  realiza o &#8220;Museu das Emo\u00e7\u00f5es&#8221;, um espa\u00e7o de descoberta e reflex\u00e3o sobre as emo\u00e7\u00f5es humanas, que tem a inten\u00e7\u00e3o de promover a conscientiza\u00e7\u00e3o sobre sa\u00fade mental atrav\u00e9s de arte, ci\u00eancia e conex\u00e3o humana. O evento \u00e9 gratuito e faz parte da comemora\u00e7\u00e3o pelo Dia Internacional da Sa\u00fade Mental celebrado em 10 de outubro. Para participar \u00e9 preciso fazer a inscri\u00e7\u00e3o pelo link https:\/\/xn--museu-das-emoes-senac-e4b63a.my.canva.site\/dag0deomqxc .<\/p>\n<p>\u201cEu trabalho em uma unidade curricular chamada Projeto de Vida com os alunos do terceiro ano. Como sou psic\u00f3logo, me veio a ideia de fazer um projeto na semana internacional da Sa\u00fade Mental. Ao longo do ano fui letrando meus alunos a desenvolverem intelig\u00eancia emocional e, a partir disso, veio a ideia de convidar as pessoas a sentirem suas emo\u00e7\u00f5es de uma forma mais profunda, pois todas as nossas emo\u00e7\u00f5es e express\u00f5es afetivas s\u00e3o importantes, pois fazem parte de quem somos\u201d, explicou o coordenador do projeto e professor do Mediotec em Caruaru, Armando Nascimento.<\/p>\n<p>O \u201cMuseu das Emo\u00e7\u00f5es\u201d ter\u00e1 um espa\u00e7o para explorar as diferentes nuances do universo emocional, atrav\u00e9s de uma exposi\u00e7\u00e3o inovadora projetada para inspirar, educar e conectar pessoas de todas as idades. Ao percorrer suas instala\u00e7\u00f5es, os visitantes ser\u00e3o convidados a refletir sobre a import\u00e2ncia do bem-estar emocional na vida cotidiana, desde a alegria contagiante at\u00e9 a melancolia introspectiva.<\/p>\n<p>O evento conta, ainda, com mini-palestras onde profissionais e estudantes v\u00e3o compartilhar conhecimentos e experi\u00eancias sobre sa\u00fade mental e bem-estar emocional em dois turnos: das 13h30 \u00e0s 17h30 e das 18h30 \u00e0s 21h. Nesse mesmo hor\u00e1rio haver\u00e1 plant\u00e3o psicol\u00f3gico. E no turno da noite, das 18h30 at\u00e9 as 21h, ser\u00e3o realizadas sess\u00f5es de massoterapia. Foto: Divulga\u00e7\u00e3o<br \/>\nSiga o Instagram @portaledvaldomagalhaes <\/p>\n","protected":false},"excerpt":{"rendered":"<p>Nesta quinta-feira dia 09 de outubro, o Senac em Caruaru realiza o &#8220;Museu das Emo\u00e7\u00f5es&#8221;, um espa\u00e7o de descoberta e&hellip;<\/p>\n","protected":false},"author":1,"featured_media":31409,"comment_status":"closed","ping_status":"open","sticky":false,"template":"","format":"standard","meta":{"footnotes":""},"categories":[14120],"tags":[13146,34634,34926],"class_list":["post-123564","post","type-post","status-publish","format-standard","has-post-thumbnail","hentry","category-noticias","tag-blog-edvaldo-magalhaes","tag-portal-edvaldo-magalhaes","tag-senac-vai-comemorar-o-dia-internacional-da-saude-mental-com-evento-gratuito-no-centro-de-convencoes-em-caruaru-nesta-quinta-9"],"_links":{"self":[{"href":"https:\/\/blogdoedvaldomagalhaes.com.br\/index.php\/wp-json\/wp\/v2\/posts\/123564","targetHints":{"allow":["GET"]}}],"collection":[{"href":"https:\/\/blogdoedvaldomagalhaes.com.br\/index.php\/wp-json\/wp\/v2\/posts"}],"about":[{"href":"https:\/\/blogdoedvaldomagalhaes.com.br\/index.php\/wp-json\/wp\/v2\/types\/post"}],"author":[{"embeddable":true,"href":"https:\/\/blogdoedvaldomagalhaes.com.br\/index.php\/wp-json\/wp\/v2\/users\/1"}],"replies":[{"embeddable":true,"href":"https:\/\/blogdoedvaldomagalhaes.com.br\/index.php\/wp-json\/wp\/v2\/comments?post=123564"}],"version-history":[{"count":1,"href":"https:\/\/blogdoedvaldomagalhaes.com.br\/index.php\/wp-json\/wp\/v2\/posts\/123564\/revisions"}],"predecessor-version":[{"id":123565,"href":"https:\/\/blogdoedvaldomagalhaes.com.br\/index.php\/wp-json\/wp\/v2\/posts\/123564\/revisions\/123565"}],"wp:featuredmedia":[{"embeddable":true,"href":"https:\/\/blogdoedvaldomagalhaes.com.br\/index.php\/wp-json\/wp\/v2\/media\/31409"}],"wp:attachment":[{"href":"https:\/\/blogdoedvaldomagalhaes.com.br\/index.php\/wp-json\/wp\/v2\/media?parent=123564"}],"wp:term":[{"taxonomy":"category","embeddable":true,"href":"https:\/\/blogdoedvaldomagalhaes.com.br\/index.php\/wp-json\/wp\/v2\/categories?post=123564"},{"taxonomy":"post_tag","embeddable":true,"href":"https:\/\/blogdoedvaldomagalhaes.com.br\/index.php\/wp-json\/wp\/v2\/tags?post=123564"}],"curies":[{"name":"wp","href":"https:\/\/api.w.org\/{rel}","templated":true}]}}