{"id":123561,"date":"2025-10-07T17:36:01","date_gmt":"2025-10-07T20:36:01","guid":{"rendered":"https:\/\/blogdoedvaldomagalhaes.com.br\/?p=123561"},"modified":"2025-10-07T17:36:01","modified_gmt":"2025-10-07T20:36:01","slug":"anderson-correia-solicita-campanha-estadual-de-castracao-de-animais-em-pernambuco","status":"publish","type":"post","link":"https:\/\/blogdoedvaldomagalhaes.com.br\/index.php\/2025\/10\/07\/anderson-correia-solicita-campanha-estadual-de-castracao-de-animais-em-pernambuco\/","title":{"rendered":"Anderson Correia solicita campanha estadual de castra\u00e7\u00e3o de animais em Pernambuco"},"content":{"rendered":"<p>O vereador e pr\u00e9-candidato a deputado estadual Anderson Correia (PP\/UP) apresentou solicita\u00e7\u00e3o, por meio de uma Indica\u00e7\u00e3o, \u00e0 Secretaria Executiva da Causa Animal de Pernambuco para que seja realizada uma campanha estadual de castra\u00e7\u00e3o de animais, com a\u00e7\u00f5es itinerantes que percorram os munic\u00edpios do Estado.<\/p>\n<p>O objetivo da proposta \u00e9 promover o controle populacional de c\u00e3es e gatos, contribuindo para o bem-estar animal e o fortalecimento das pol\u00edticas p\u00fablicas de prote\u00e7\u00e3o e cuidado. A iniciativa busca, ainda, reduzir o abandono e o sofrimento dos animais de rua, al\u00e9m de conscientizar a popula\u00e7\u00e3o sobre a import\u00e2ncia da guarda respons\u00e1vel. Segundo Correia, Pernambuco precisa seguir o exemplo de outros estados que j\u00e1 avan\u00e7aram nessa pauta, como S\u00e3o Paulo, onde est\u00e1 em fase de implanta\u00e7\u00e3o um programa estadual de castra\u00e7\u00e3o em larga escala.<\/p>\n<p>\u201cEssa pol\u00edtica p\u00fablica \u00e9 fundamental para o controle populacional dos animais e deve ter um alcance estadual. J\u00e1 vemos o Estado de S\u00e3o Paulo como refer\u00eancia nesse tipo de a\u00e7\u00e3o, e Pernambuco tamb\u00e9m precisa dar esse passo. A castra\u00e7\u00e3o \u00e9 uma medida de sa\u00fade p\u00fablica que reduz a prolifera\u00e7\u00e3o descontrolada e melhora o bem-estar dos nossos animais. Quando o Estado assume essa responsabilidade, com campanhas peri\u00f3dicas e estrutura itinerante, estamos fortalecendo uma rede de cuidado, preven\u00e7\u00e3o e respeito \u00e0 vida animal. \u00c9 uma a\u00e7\u00e3o que traz benef\u00edcios para toda a sociedade\u201d, destacou Correia.<br \/>\nSeja seguidor do Instagram @portaledvaldomagalhaes<\/p>\n","protected":false},"excerpt":{"rendered":"<p>O vereador e pr\u00e9-candidato a deputado estadual Anderson Correia (PP\/UP) apresentou solicita\u00e7\u00e3o, por meio de uma Indica\u00e7\u00e3o, \u00e0 Secretaria Executiva&hellip;<\/p>\n","protected":false},"author":1,"featured_media":123562,"comment_status":"closed","ping_status":"open","sticky":false,"template":"","format":"standard","meta":{"footnotes":""},"categories":[14122],"tags":[34925,13146,20,34634],"class_list":["post-123561","post","type-post","status-publish","format-standard","has-post-thumbnail","hentry","category-politica","tag-anderson-correia-solicita-campanha-estadual-de-castracao-de-animais-em-pernambuco","tag-blog-edvaldo-magalhaes","tag-politica","tag-portal-edvaldo-magalhaes"],"_links":{"self":[{"href":"https:\/\/blogdoedvaldomagalhaes.com.br\/index.php\/wp-json\/wp\/v2\/posts\/123561","targetHints":{"allow":["GET"]}}],"collection":[{"href":"https:\/\/blogdoedvaldomagalhaes.com.br\/index.php\/wp-json\/wp\/v2\/posts"}],"about":[{"href":"https:\/\/blogdoedvaldomagalhaes.com.br\/index.php\/wp-json\/wp\/v2\/types\/post"}],"author":[{"embeddable":true,"href":"https:\/\/blogdoedvaldomagalhaes.com.br\/index.php\/wp-json\/wp\/v2\/users\/1"}],"replies":[{"embeddable":true,"href":"https:\/\/blogdoedvaldomagalhaes.com.br\/index.php\/wp-json\/wp\/v2\/comments?post=123561"}],"version-history":[{"count":1,"href":"https:\/\/blogdoedvaldomagalhaes.com.br\/index.php\/wp-json\/wp\/v2\/posts\/123561\/revisions"}],"predecessor-version":[{"id":123563,"href":"https:\/\/blogdoedvaldomagalhaes.com.br\/index.php\/wp-json\/wp\/v2\/posts\/123561\/revisions\/123563"}],"wp:featuredmedia":[{"embeddable":true,"href":"https:\/\/blogdoedvaldomagalhaes.com.br\/index.php\/wp-json\/wp\/v2\/media\/123562"}],"wp:attachment":[{"href":"https:\/\/blogdoedvaldomagalhaes.com.br\/index.php\/wp-json\/wp\/v2\/media?parent=123561"}],"wp:term":[{"taxonomy":"category","embeddable":true,"href":"https:\/\/blogdoedvaldomagalhaes.com.br\/index.php\/wp-json\/wp\/v2\/categories?post=123561"},{"taxonomy":"post_tag","embeddable":true,"href":"https:\/\/blogdoedvaldomagalhaes.com.br\/index.php\/wp-json\/wp\/v2\/tags?post=123561"}],"curies":[{"name":"wp","href":"https:\/\/api.w.org\/{rel}","templated":true}]}}