{"id":123556,"date":"2025-10-07T17:24:27","date_gmt":"2025-10-07T20:24:27","guid":{"rendered":"https:\/\/blogdoedvaldomagalhaes.com.br\/?p=123556"},"modified":"2025-10-07T17:28:12","modified_gmt":"2025-10-07T20:28:12","slug":"de-volta-a-carreira-solo-elida-mendonca-prepara-projeto-audiovisual-em-comemoracao-a-30-anos-de-trabalho","status":"publish","type":"post","link":"https:\/\/blogdoedvaldomagalhaes.com.br\/index.php\/2025\/10\/07\/de-volta-a-carreira-solo-elida-mendonca-prepara-projeto-audiovisual-em-comemoracao-a-30-anos-de-trabalho\/","title":{"rendered":"De volta \u00e0 carreira solo, \u00c9lida Mendon\u00e7a prepara projeto audiovisual em comemora\u00e7\u00e3o a 30 anos de trabalho"},"content":{"rendered":"<p>Quando iniciou sua trajet\u00f3ria na m\u00fasica, l\u00e1 em 1996, a caruaruense \u00c9lida Mendon\u00e7a n\u00e3o esperava chegar aos 30 anos de carreira fazendo o que ama. Depois de uma temporada de seis anos como backing vocal, \u00c9lida volta \u00e0 carreira solo em grande estilo: gravando seu primeiro projeto audiovisual.<\/p>\n<p>No dia 13 de outubro, a grava\u00e7\u00e3o, voltada para familiares e convidados, marcar\u00e1 o retorno de \u00c9lida aos palcos, mas, desta vez, como protagonista. Durante as quase tr\u00eas d\u00e9cadas de atividade, a artista j\u00e1 cantou no palco do S\u00e3o Jo\u00e3o de Caruaru &#8211; tanto no p\u00e1tio do forr\u00f3 quanto no Alto do Moura &#8211; e em v\u00e1rias cidades do Agreste pernambucano.<\/p>\n<p><img loading=\"lazy\" decoding=\"async\" src=\"https:\/\/blogdoedvaldomagalhaes.com.br\/wp-content\/uploads\/2025\/10\/img-20251007-wa01184221808541100250076.jpg\" class=\"wp-image-123559 alignnone size-full\" width=\"1280\" height=\"960\" srcset=\"https:\/\/blogdoedvaldomagalhaes.com.br\/wp-content\/uploads\/2025\/10\/img-20251007-wa01184221808541100250076.jpg 1280w, https:\/\/blogdoedvaldomagalhaes.com.br\/wp-content\/uploads\/2025\/10\/img-20251007-wa01184221808541100250076-300x225.jpg 300w, https:\/\/blogdoedvaldomagalhaes.com.br\/wp-content\/uploads\/2025\/10\/img-20251007-wa01184221808541100250076-1024x768.jpg 1024w, https:\/\/blogdoedvaldomagalhaes.com.br\/wp-content\/uploads\/2025\/10\/img-20251007-wa01184221808541100250076-768x576.jpg 768w, https:\/\/blogdoedvaldomagalhaes.com.br\/wp-content\/uploads\/2025\/10\/img-20251007-wa01184221808541100250076-160x120.jpg 160w\" sizes=\"auto, (max-width: 1280px) 100vw, 1280px\" \/><\/p>\n<p>\u201c\u00c9 muito emocionante poder mostrar, de novo, meu trabalho, minha verdade, dar minha cara ao que canto, principalmente quando comemoro 30 anos de carreira. \u00c9 muito simb\u00f3lico\u201d, comemora \u00c9lida.<\/p>\n<p>No repert\u00f3rio, muito forr\u00f3 das antigas e releituras de cl\u00e1ssicos em ritmo de forr\u00f3. \u201cEstou animada e ansiosa para mostrar ao p\u00fablico tudo o que estamos preparando. Vai ser uma volta triunfal\u201d, destaca.<br \/>\nSiga o Instagram @portaledvaldomagalhaes<br \/>\nFoto: Divulga\u00e7\u00e3o<\/p>\n","protected":false},"excerpt":{"rendered":"<p>Quando iniciou sua trajet\u00f3ria na m\u00fasica, l\u00e1 em 1996, a caruaruense \u00c9lida Mendon\u00e7a n\u00e3o esperava chegar aos 30 anos de&hellip;<\/p>\n","protected":false},"author":1,"featured_media":123557,"comment_status":"closed","ping_status":"open","sticky":false,"template":"","format":"standard","meta":{"footnotes":""},"categories":[14120],"tags":[13146,34924,34634],"class_list":["post-123556","post","type-post","status-publish","format-standard","has-post-thumbnail","hentry","category-noticias","tag-blog-edvaldo-magalhaes","tag-elida-mendonca-prepara-projeto-audiovisual-em-comemoracao-a-30-anos-de-trabalho","tag-portal-edvaldo-magalhaes"],"_links":{"self":[{"href":"https:\/\/blogdoedvaldomagalhaes.com.br\/index.php\/wp-json\/wp\/v2\/posts\/123556","targetHints":{"allow":["GET"]}}],"collection":[{"href":"https:\/\/blogdoedvaldomagalhaes.com.br\/index.php\/wp-json\/wp\/v2\/posts"}],"about":[{"href":"https:\/\/blogdoedvaldomagalhaes.com.br\/index.php\/wp-json\/wp\/v2\/types\/post"}],"author":[{"embeddable":true,"href":"https:\/\/blogdoedvaldomagalhaes.com.br\/index.php\/wp-json\/wp\/v2\/users\/1"}],"replies":[{"embeddable":true,"href":"https:\/\/blogdoedvaldomagalhaes.com.br\/index.php\/wp-json\/wp\/v2\/comments?post=123556"}],"version-history":[{"count":2,"href":"https:\/\/blogdoedvaldomagalhaes.com.br\/index.php\/wp-json\/wp\/v2\/posts\/123556\/revisions"}],"predecessor-version":[{"id":123560,"href":"https:\/\/blogdoedvaldomagalhaes.com.br\/index.php\/wp-json\/wp\/v2\/posts\/123556\/revisions\/123560"}],"wp:featuredmedia":[{"embeddable":true,"href":"https:\/\/blogdoedvaldomagalhaes.com.br\/index.php\/wp-json\/wp\/v2\/media\/123557"}],"wp:attachment":[{"href":"https:\/\/blogdoedvaldomagalhaes.com.br\/index.php\/wp-json\/wp\/v2\/media?parent=123556"}],"wp:term":[{"taxonomy":"category","embeddable":true,"href":"https:\/\/blogdoedvaldomagalhaes.com.br\/index.php\/wp-json\/wp\/v2\/categories?post=123556"},{"taxonomy":"post_tag","embeddable":true,"href":"https:\/\/blogdoedvaldomagalhaes.com.br\/index.php\/wp-json\/wp\/v2\/tags?post=123556"}],"curies":[{"name":"wp","href":"https:\/\/api.w.org\/{rel}","templated":true}]}}