{"id":123554,"date":"2025-10-07T17:17:13","date_gmt":"2025-10-07T20:17:13","guid":{"rendered":"https:\/\/blogdoedvaldomagalhaes.com.br\/?p=123554"},"modified":"2025-10-07T17:17:13","modified_gmt":"2025-10-07T20:17:13","slug":"vereador-jorge-quintino-propoe-implantacao-da-vacina-contra-herpes-zoster-para-grupos-de-risco-em-caruaru","status":"publish","type":"post","link":"https:\/\/blogdoedvaldomagalhaes.com.br\/index.php\/2025\/10\/07\/vereador-jorge-quintino-propoe-implantacao-da-vacina-contra-herpes-zoster-para-grupos-de-risco-em-caruaru\/","title":{"rendered":"Vereador Jorge Quintino prop\u00f5e implanta\u00e7\u00e3o da vacina contra Herpes Z\u00f3ster para grupos de risco em Caruaru"},"content":{"rendered":"<p>_Projeto solicita que a Prefeitura avalie a oferta do imunizante e que o Minist\u00e9rio da Sa\u00fade inclua a vacina no calend\u00e1rio nacional do SUS._<\/p>\n<p>O vereador Jorge Quintino (PODE) apresentou nesta ter\u00e7a-feira (7), na C\u00e2mara Municipal de Caruaru, um requerimento solicitando que a prefeitura municipal junto a Secretaria de Sa\u00fade, avalie a viabilidade de oferecer *a vacina contra o Herpes Z\u00f3ster \u00e0 popula\u00e7\u00e3o idosa e imunodeprimida do munic\u00edpio.* O documento tamb\u00e9m prop\u00f5e o envio de um of\u00edcio ao Minist\u00e9rio da Sa\u00fade, pedindo a inclus\u00e3o da vacina no Calend\u00e1rio Nacional de Vacina\u00e7\u00e3o do SUS, o que garantiria o fornecimento gratuito das doses aos munic\u00edpios.<\/p>\n<p>De acordo com o vereador, o objetivo \u00e9 assegurar mais cuidado e qualidade de vida para quem mais precisa.<\/p>\n<p>_\u201cNosso objetivo \u00e9 garantir mais prote\u00e7\u00e3o e qualidade de vida para os grupos mais vulner\u00e1veis. A preven\u00e7\u00e3o \u00e9 o melhor caminho, e a inclus\u00e3o dessa vacina representa um passo importante para fortalecer a sa\u00fade p\u00fablica em Caruaru\u201d,_ destacou Jorge Quintino<\/p>\n<p>*Sobre a doen\u00e7a*<\/p>\n<p>O Herpes Z\u00f3ster \u00e9 uma doen\u00e7a viral que pode causar fortes dores e complica\u00e7\u00f5es neurol\u00f3gicas, sendo mais frequente em pessoas com mais de 60 anos e sistema imunol\u00f3gico fragilizado. A vacina, j\u00e1 aprovada pela Anvisa, possui efic\u00e1cia comprovada na redu\u00e7\u00e3o de casos e sequelas, representando um importante avan\u00e7o na preven\u00e7\u00e3o e prote\u00e7\u00e3o \u00e0 sa\u00fade p\u00fablica.<\/p>\n<p>A proposta agora segue para an\u00e1lise do Poder Executivo Municipal. Foto: Divulga\u00e7\u00e3o<br \/>\nSeja seguidor do Instagram @portaledvaldomagalhaes<\/p>\n","protected":false},"excerpt":{"rendered":"<p>_Projeto solicita que a Prefeitura avalie a oferta do imunizante e que o Minist\u00e9rio da Sa\u00fade inclua a vacina no&hellip;<\/p>\n","protected":false},"author":1,"featured_media":123322,"comment_status":"closed","ping_status":"open","sticky":false,"template":"","format":"standard","meta":{"footnotes":""},"categories":[14122],"tags":[13146,20,34634,34922],"class_list":["post-123554","post","type-post","status-publish","format-standard","has-post-thumbnail","hentry","category-politica","tag-blog-edvaldo-magalhaes","tag-politica","tag-portal-edvaldo-magalhaes","tag-vereador-jorge-quintino-propoe-implantacao-da-vacina-contra-herpes-zoster-para-grupos-de-risco-em-caruaru"],"_links":{"self":[{"href":"https:\/\/blogdoedvaldomagalhaes.com.br\/index.php\/wp-json\/wp\/v2\/posts\/123554","targetHints":{"allow":["GET"]}}],"collection":[{"href":"https:\/\/blogdoedvaldomagalhaes.com.br\/index.php\/wp-json\/wp\/v2\/posts"}],"about":[{"href":"https:\/\/blogdoedvaldomagalhaes.com.br\/index.php\/wp-json\/wp\/v2\/types\/post"}],"author":[{"embeddable":true,"href":"https:\/\/blogdoedvaldomagalhaes.com.br\/index.php\/wp-json\/wp\/v2\/users\/1"}],"replies":[{"embeddable":true,"href":"https:\/\/blogdoedvaldomagalhaes.com.br\/index.php\/wp-json\/wp\/v2\/comments?post=123554"}],"version-history":[{"count":1,"href":"https:\/\/blogdoedvaldomagalhaes.com.br\/index.php\/wp-json\/wp\/v2\/posts\/123554\/revisions"}],"predecessor-version":[{"id":123555,"href":"https:\/\/blogdoedvaldomagalhaes.com.br\/index.php\/wp-json\/wp\/v2\/posts\/123554\/revisions\/123555"}],"wp:featuredmedia":[{"embeddable":true,"href":"https:\/\/blogdoedvaldomagalhaes.com.br\/index.php\/wp-json\/wp\/v2\/media\/123322"}],"wp:attachment":[{"href":"https:\/\/blogdoedvaldomagalhaes.com.br\/index.php\/wp-json\/wp\/v2\/media?parent=123554"}],"wp:term":[{"taxonomy":"category","embeddable":true,"href":"https:\/\/blogdoedvaldomagalhaes.com.br\/index.php\/wp-json\/wp\/v2\/categories?post=123554"},{"taxonomy":"post_tag","embeddable":true,"href":"https:\/\/blogdoedvaldomagalhaes.com.br\/index.php\/wp-json\/wp\/v2\/tags?post=123554"}],"curies":[{"name":"wp","href":"https:\/\/api.w.org\/{rel}","templated":true}]}}