{"id":123544,"date":"2025-10-07T11:06:59","date_gmt":"2025-10-07T14:06:59","guid":{"rendered":"https:\/\/blogdoedvaldomagalhaes.com.br\/?p=123544"},"modified":"2025-10-07T11:15:27","modified_gmt":"2025-10-07T14:15:27","slug":"fabrica-clandestina-de-bebidas-e-fechada-durante-acao-da-policia-civil-pe","status":"publish","type":"post","link":"https:\/\/blogdoedvaldomagalhaes.com.br\/index.php\/2025\/10\/07\/fabrica-clandestina-de-bebidas-e-fechada-durante-acao-da-policia-civil-pe\/","title":{"rendered":"F\u00e1brica clandestina de bebidas \u00e9 fechada durante a\u00e7\u00e3o da Pol\u00edcia Civil-PE"},"content":{"rendered":"<p><span style=\"font-size:revert;\">A Pol\u00edcia Civil de Pernambuco, por meio da Delegacia da Rio Branco, com apoio operacional da 1\u00aa Delegacia Seccional (1\u00aa DESEC), realizou, nesta segunda-feira (6), uma opera\u00e7\u00e3o que resultou na pris\u00e3o em flagrante de dois homens e na interdi\u00e7\u00e3o de um dep\u00f3sito e f\u00e1brica clandestina de bebidas alco\u00f3licas, localizada no bairro de San Martin, no Recife.<\/span><\/p>\n<p>A a\u00e7\u00e3o foi deflagrada para dar cumprimento a um mandado de busca e apreens\u00e3o expedido pela 12\u00aa Vara Criminal da Capital. Durante a dilig\u00eancia, foram apreendidos equipamentos de produ\u00e7\u00e3o, como envazadora, fog\u00e3o industrial e soprador t\u00e9rmico, al\u00e9m de r\u00f3tulos falsificados, bebidas adulteradas e eletr\u00f4nicos utilizados na atividade il\u00edcita.<\/p>\n<p><img loading=\"lazy\" decoding=\"async\" src=\"https:\/\/blogdoedvaldomagalhaes.com.br\/wp-content\/uploads\/2025\/10\/img-20251007-wa00861187591456395371734.jpg\" class=\"wp-image-123549 alignnone size-full\" width=\"1280\" height=\"576\" srcset=\"https:\/\/blogdoedvaldomagalhaes.com.br\/wp-content\/uploads\/2025\/10\/img-20251007-wa00861187591456395371734.jpg 1280w, https:\/\/blogdoedvaldomagalhaes.com.br\/wp-content\/uploads\/2025\/10\/img-20251007-wa00861187591456395371734-300x135.jpg 300w, https:\/\/blogdoedvaldomagalhaes.com.br\/wp-content\/uploads\/2025\/10\/img-20251007-wa00861187591456395371734-1024x461.jpg 1024w, https:\/\/blogdoedvaldomagalhaes.com.br\/wp-content\/uploads\/2025\/10\/img-20251007-wa00861187591456395371734-768x346.jpg 768w\" sizes=\"auto, (max-width: 1280px) 100vw, 1280px\" \/><\/p>\n<p>A fiscaliza\u00e7\u00e3o do Minist\u00e9rio da Agricultura e Pecu\u00e1ria (MAPA) constatou a aus\u00eancia de registro legal do estabelecimento e lavrou autos de infra\u00e7\u00e3o, inspe\u00e7\u00e3o e fechamento do local. A investiga\u00e7\u00e3o identificou ainda o uso indevido de um CNPJ cancelado, documentos falsificados e adultera\u00e7\u00e3o no medidor de energia el\u00e9trica, levantando suspeita de furto.<\/p>\n<p><img loading=\"lazy\" decoding=\"async\" src=\"https:\/\/blogdoedvaldomagalhaes.com.br\/wp-content\/uploads\/2025\/10\/img-20251007-wa00842888625366699062082.jpg\" class=\"wp-image-123551 alignnone size-full\" width=\"1280\" height=\"576\" srcset=\"https:\/\/blogdoedvaldomagalhaes.com.br\/wp-content\/uploads\/2025\/10\/img-20251007-wa00842888625366699062082.jpg 1280w, https:\/\/blogdoedvaldomagalhaes.com.br\/wp-content\/uploads\/2025\/10\/img-20251007-wa00842888625366699062082-300x135.jpg 300w, https:\/\/blogdoedvaldomagalhaes.com.br\/wp-content\/uploads\/2025\/10\/img-20251007-wa00842888625366699062082-1024x461.jpg 1024w, https:\/\/blogdoedvaldomagalhaes.com.br\/wp-content\/uploads\/2025\/10\/img-20251007-wa00842888625366699062082-768x346.jpg 768w\" sizes=\"auto, (max-width: 1280px) 100vw, 1280px\" \/><\/p>\n<p>Os suspeitos foram conduzidos \u00e0 Delegacia da Rio Branco, onde foram autuados pelos crimes de falsidade ideol\u00f3gica, falsifica\u00e7\u00e3o de produto aliment\u00edcio, crimes contra as rela\u00e7\u00f5es de consumo, concorr\u00eancia desleal e crimes contra a ordem tribut\u00e1ria, al\u00e9m da suspeita de furto de energia.<\/p>\n<p><img loading=\"lazy\" decoding=\"async\" src=\"https:\/\/blogdoedvaldomagalhaes.com.br\/wp-content\/uploads\/2025\/10\/img-20251007-wa00857644951857318907369.jpg\" class=\"wp-image-123550 alignnone size-full\" width=\"1280\" height=\"576\" srcset=\"https:\/\/blogdoedvaldomagalhaes.com.br\/wp-content\/uploads\/2025\/10\/img-20251007-wa00857644951857318907369.jpg 1280w, https:\/\/blogdoedvaldomagalhaes.com.br\/wp-content\/uploads\/2025\/10\/img-20251007-wa00857644951857318907369-300x135.jpg 300w, https:\/\/blogdoedvaldomagalhaes.com.br\/wp-content\/uploads\/2025\/10\/img-20251007-wa00857644951857318907369-1024x461.jpg 1024w, https:\/\/blogdoedvaldomagalhaes.com.br\/wp-content\/uploads\/2025\/10\/img-20251007-wa00857644951857318907369-768x346.jpg 768w\" sizes=\"auto, (max-width: 1280px) 100vw, 1280px\" \/><\/p>\n<p>A Pol\u00edcia Civil de Pernambuco segue com as a\u00e7\u00f5es em todo o Estado com foco no combate \u00e0 produ\u00e7\u00e3o e comercializa\u00e7\u00e3o clandestina de bebidas alco\u00f3licas.<\/p>\n","protected":false},"excerpt":{"rendered":"<p>A Pol\u00edcia Civil de Pernambuco, por meio da Delegacia da Rio Branco, com apoio operacional da 1\u00aa Delegacia Seccional (1\u00aa&hellip;<\/p>\n","protected":false},"author":1,"featured_media":123548,"comment_status":"closed","ping_status":"open","sticky":false,"template":"","format":"standard","meta":{"footnotes":""},"categories":[14121],"tags":[13146,34921,34634],"class_list":["post-123544","post","type-post","status-publish","format-standard","has-post-thumbnail","hentry","category-policial","tag-blog-edvaldo-magalhaes","tag-fabrica-clandestina-de-bebidas-e-fechada-durante-acao-da-policia-civil-pe","tag-portal-edvaldo-magalhaes"],"_links":{"self":[{"href":"https:\/\/blogdoedvaldomagalhaes.com.br\/index.php\/wp-json\/wp\/v2\/posts\/123544","targetHints":{"allow":["GET"]}}],"collection":[{"href":"https:\/\/blogdoedvaldomagalhaes.com.br\/index.php\/wp-json\/wp\/v2\/posts"}],"about":[{"href":"https:\/\/blogdoedvaldomagalhaes.com.br\/index.php\/wp-json\/wp\/v2\/types\/post"}],"author":[{"embeddable":true,"href":"https:\/\/blogdoedvaldomagalhaes.com.br\/index.php\/wp-json\/wp\/v2\/users\/1"}],"replies":[{"embeddable":true,"href":"https:\/\/blogdoedvaldomagalhaes.com.br\/index.php\/wp-json\/wp\/v2\/comments?post=123544"}],"version-history":[{"count":2,"href":"https:\/\/blogdoedvaldomagalhaes.com.br\/index.php\/wp-json\/wp\/v2\/posts\/123544\/revisions"}],"predecessor-version":[{"id":123552,"href":"https:\/\/blogdoedvaldomagalhaes.com.br\/index.php\/wp-json\/wp\/v2\/posts\/123544\/revisions\/123552"}],"wp:featuredmedia":[{"embeddable":true,"href":"https:\/\/blogdoedvaldomagalhaes.com.br\/index.php\/wp-json\/wp\/v2\/media\/123548"}],"wp:attachment":[{"href":"https:\/\/blogdoedvaldomagalhaes.com.br\/index.php\/wp-json\/wp\/v2\/media?parent=123544"}],"wp:term":[{"taxonomy":"category","embeddable":true,"href":"https:\/\/blogdoedvaldomagalhaes.com.br\/index.php\/wp-json\/wp\/v2\/categories?post=123544"},{"taxonomy":"post_tag","embeddable":true,"href":"https:\/\/blogdoedvaldomagalhaes.com.br\/index.php\/wp-json\/wp\/v2\/tags?post=123544"}],"curies":[{"name":"wp","href":"https:\/\/api.w.org\/{rel}","templated":true}]}}