{"id":123541,"date":"2025-10-07T10:43:03","date_gmt":"2025-10-07T13:43:03","guid":{"rendered":"https:\/\/blogdoedvaldomagalhaes.com.br\/?p=123541"},"modified":"2025-10-07T10:43:03","modified_gmt":"2025-10-07T13:43:03","slug":"moto-bate-em-caminhao-que-fazia-conversao-na-br-232","status":"publish","type":"post","link":"https:\/\/blogdoedvaldomagalhaes.com.br\/index.php\/2025\/10\/07\/moto-bate-em-caminhao-que-fazia-conversao-na-br-232\/","title":{"rendered":"Moto bate em caminh\u00e3o que fazia convers\u00e3o na BR 232"},"content":{"rendered":"<p>O sinistro de tr\u00e2nsito ocorreu por volta das 7h45, no Km 405 da BR 232, em Serra Talhada (em frente ao posto da PRF).<\/p>\n<p>O motorista de um caminh\u00e3o foi fazer uma convers\u00e3o para entrar \u00e0 esquerda, quando ocorreu uma colis\u00e3o com uma motocicleta que seguia atr\u00e1s do ve\u00edculo.<\/p>\n<p>A condutora da moto ficou ferida com uma fratura exposta na perna. A PRF postou os primeiros socorros \u00e0 v\u00edtima e acionou o Corpo de Bombeiros, que encaminhou o condutor para o Hospital Eduardo Campos em Serra Talhada.<\/p>\n<p>O motorista do caminh\u00e3o n\u00e3o se feriu. Ele realizou o teste do baf\u00f4metro e o resultado foi normal. Foto: Divulga\u00e7\u00e3o\/PRF<br \/>\nSiga o Instagram @portaledvaldomagalhaes<\/p>\n","protected":false},"excerpt":{"rendered":"<p>O sinistro de tr\u00e2nsito ocorreu por volta das 7h45, no Km 405 da BR 232, em Serra Talhada (em frente&hellip;<\/p>\n","protected":false},"author":1,"featured_media":123542,"comment_status":"closed","ping_status":"open","sticky":false,"template":"","format":"standard","meta":{"footnotes":""},"categories":[14120],"tags":[14276,13146,34920,34634],"class_list":["post-123541","post","type-post","status-publish","format-standard","has-post-thumbnail","hentry","category-noticias","tag-acidente","tag-blog-edvaldo-magalhaes","tag-moto-bate-em-caminhao-que-fazia-conversao-na-br-232","tag-portal-edvaldo-magalhaes"],"_links":{"self":[{"href":"https:\/\/blogdoedvaldomagalhaes.com.br\/index.php\/wp-json\/wp\/v2\/posts\/123541","targetHints":{"allow":["GET"]}}],"collection":[{"href":"https:\/\/blogdoedvaldomagalhaes.com.br\/index.php\/wp-json\/wp\/v2\/posts"}],"about":[{"href":"https:\/\/blogdoedvaldomagalhaes.com.br\/index.php\/wp-json\/wp\/v2\/types\/post"}],"author":[{"embeddable":true,"href":"https:\/\/blogdoedvaldomagalhaes.com.br\/index.php\/wp-json\/wp\/v2\/users\/1"}],"replies":[{"embeddable":true,"href":"https:\/\/blogdoedvaldomagalhaes.com.br\/index.php\/wp-json\/wp\/v2\/comments?post=123541"}],"version-history":[{"count":1,"href":"https:\/\/blogdoedvaldomagalhaes.com.br\/index.php\/wp-json\/wp\/v2\/posts\/123541\/revisions"}],"predecessor-version":[{"id":123543,"href":"https:\/\/blogdoedvaldomagalhaes.com.br\/index.php\/wp-json\/wp\/v2\/posts\/123541\/revisions\/123543"}],"wp:featuredmedia":[{"embeddable":true,"href":"https:\/\/blogdoedvaldomagalhaes.com.br\/index.php\/wp-json\/wp\/v2\/media\/123542"}],"wp:attachment":[{"href":"https:\/\/blogdoedvaldomagalhaes.com.br\/index.php\/wp-json\/wp\/v2\/media?parent=123541"}],"wp:term":[{"taxonomy":"category","embeddable":true,"href":"https:\/\/blogdoedvaldomagalhaes.com.br\/index.php\/wp-json\/wp\/v2\/categories?post=123541"},{"taxonomy":"post_tag","embeddable":true,"href":"https:\/\/blogdoedvaldomagalhaes.com.br\/index.php\/wp-json\/wp\/v2\/tags?post=123541"}],"curies":[{"name":"wp","href":"https:\/\/api.w.org\/{rel}","templated":true}]}}