{"id":123538,"date":"2025-10-07T10:13:25","date_gmt":"2025-10-07T13:13:25","guid":{"rendered":"https:\/\/blogdoedvaldomagalhaes.com.br\/?p=123538"},"modified":"2025-10-07T10:13:25","modified_gmt":"2025-10-07T13:13:25","slug":"parque-18-de-maio-conta-com-bombeiros-civis-para-atendimentos-de-emergencia","status":"publish","type":"post","link":"https:\/\/blogdoedvaldomagalhaes.com.br\/index.php\/2025\/10\/07\/parque-18-de-maio-conta-com-bombeiros-civis-para-atendimentos-de-emergencia\/","title":{"rendered":"Parque 18 de Maio conta com bombeiros civis para atendimentos de emerg\u00eancia"},"content":{"rendered":"<p>A Secretaria Executiva do Parque 18 de Maio, da Prefeitura de Caruaru, tem ampliado o cuidado com a sa\u00fade de feirantes e visitantes por meio das equipes de bombeiros civis. Em tr\u00eas meses de atua\u00e7\u00e3o, o servi\u00e7o tem sido fundamental para o atendimento de ocorr\u00eancias de sa\u00fade e acidentes, especialmente nos dias da Feira da Moda de Caruaru, quando h\u00e1 maior movimenta\u00e7\u00e3o de pessoas.<\/p>\n<p>De julho a setembro, j\u00e1 foram realizados mais de 280 atendimentos, entre aferi\u00e7\u00f5es de press\u00e3o arterial, curativos, controle de crises de ansiedade e outras situa\u00e7\u00f5es que exigem suporte b\u00e1sico de sa\u00fade. As equipes tamb\u00e9m est\u00e3o preparadas para agir em casos de convuls\u00f5es, acidentes, ocorr\u00eancias com animais e princ\u00edpios de inc\u00eandio.<\/p>\n<p>Al\u00e9m do atendimento direto, os bombeiros civis tamb\u00e9m atuam de forma preventiva, com treinamentos de primeiros socorros para os colaboradores do departamento de feiras e mercados, bem como instru\u00e7\u00f5es de combate a princ\u00edpios de inc\u00eandio para os feirantes.<\/p>\n<p>Segundo o secret\u00e1rio executivo do Parque 18 de Maio, Manoel J\u00fanior, a presen\u00e7a dos bombeiros civis refor\u00e7a o compromisso da gest\u00e3o municipal com o bem-estar de feirantes e visitantes.<\/p>\n<p>&#8220;A Feira de Caruaru recebe diariamente grande circula\u00e7\u00e3o de pessoas, e contar com equipes capacitadas e prontas para agir em situa\u00e7\u00f5es de emerg\u00eancia \u00e9 essencial. Esse trabalho garante mais tranquilidade, cuidado humanizado e atendimento r\u00e1pido para todos que frequentam o Parque 18 de Maio&#8221;, ressaltou.<br \/>\nSeja seguidor do Instagram @portaledvaldomagalhaes<br \/>\nFoto: Divulga\u00e7\u00e3o\/Secom\/PMC<\/p>\n","protected":false},"excerpt":{"rendered":"<p>A Secretaria Executiva do Parque 18 de Maio, da Prefeitura de Caruaru, tem ampliado o cuidado com a sa\u00fade de&hellip;<\/p>\n","protected":false},"author":1,"featured_media":123539,"comment_status":"closed","ping_status":"open","sticky":false,"template":"","format":"standard","meta":{"footnotes":""},"categories":[14120],"tags":[13146,34919,34634],"class_list":["post-123538","post","type-post","status-publish","format-standard","has-post-thumbnail","hentry","category-noticias","tag-blog-edvaldo-magalhaes","tag-parque-18-de-maio-conta-com-bombeiros-civis-para-atendimentos-de-emergencia","tag-portal-edvaldo-magalhaes"],"_links":{"self":[{"href":"https:\/\/blogdoedvaldomagalhaes.com.br\/index.php\/wp-json\/wp\/v2\/posts\/123538","targetHints":{"allow":["GET"]}}],"collection":[{"href":"https:\/\/blogdoedvaldomagalhaes.com.br\/index.php\/wp-json\/wp\/v2\/posts"}],"about":[{"href":"https:\/\/blogdoedvaldomagalhaes.com.br\/index.php\/wp-json\/wp\/v2\/types\/post"}],"author":[{"embeddable":true,"href":"https:\/\/blogdoedvaldomagalhaes.com.br\/index.php\/wp-json\/wp\/v2\/users\/1"}],"replies":[{"embeddable":true,"href":"https:\/\/blogdoedvaldomagalhaes.com.br\/index.php\/wp-json\/wp\/v2\/comments?post=123538"}],"version-history":[{"count":1,"href":"https:\/\/blogdoedvaldomagalhaes.com.br\/index.php\/wp-json\/wp\/v2\/posts\/123538\/revisions"}],"predecessor-version":[{"id":123540,"href":"https:\/\/blogdoedvaldomagalhaes.com.br\/index.php\/wp-json\/wp\/v2\/posts\/123538\/revisions\/123540"}],"wp:featuredmedia":[{"embeddable":true,"href":"https:\/\/blogdoedvaldomagalhaes.com.br\/index.php\/wp-json\/wp\/v2\/media\/123539"}],"wp:attachment":[{"href":"https:\/\/blogdoedvaldomagalhaes.com.br\/index.php\/wp-json\/wp\/v2\/media?parent=123538"}],"wp:term":[{"taxonomy":"category","embeddable":true,"href":"https:\/\/blogdoedvaldomagalhaes.com.br\/index.php\/wp-json\/wp\/v2\/categories?post=123538"},{"taxonomy":"post_tag","embeddable":true,"href":"https:\/\/blogdoedvaldomagalhaes.com.br\/index.php\/wp-json\/wp\/v2\/tags?post=123538"}],"curies":[{"name":"wp","href":"https:\/\/api.w.org\/{rel}","templated":true}]}}