{"id":123535,"date":"2025-10-07T09:30:14","date_gmt":"2025-10-07T12:30:14","guid":{"rendered":"https:\/\/blogdoedvaldomagalhaes.com.br\/?p=123535"},"modified":"2025-10-07T09:32:29","modified_gmt":"2025-10-07T12:32:29","slug":"governadora-raquel-lyra-autoriza-nova-fase-de-obras-no-ramal-da-arena-e-reforma-de-mais-uma-etapa-do-mercado-publico-de-camaragibe","status":"publish","type":"post","link":"https:\/\/blogdoedvaldomagalhaes.com.br\/index.php\/2025\/10\/07\/governadora-raquel-lyra-autoriza-nova-fase-de-obras-no-ramal-da-arena-e-reforma-de-mais-uma-etapa-do-mercado-publico-de-camaragibe\/","title":{"rendered":"Governadora Raquel Lyra autoriza nova fase de obras no Ramal da Arena e reforma de mais uma etapa do Mercado P\u00fablico de Camaragibe"},"content":{"rendered":"<p><span style=\"font-size: revert;\">Em Camaragibe, na Regi\u00e3o Metropolitana do Recife, a governadora Raquel Lyra assinou, nesta segunda-feira (6), duas ordens de servi\u00e7o para dar in\u00edcio \u00e0s obras remanescentes do Ramal da Arena e \u00e0 reforma do Bloco 2 do Mercado P\u00fablico do munic\u00edpio. Os investimentos somam mais de R$ 25 milh\u00f5es. As assinaturas ocorreram durante a solenidade de inaugura\u00e7\u00e3o do novo Est\u00e1dio Canet\u00e3o e da nova Pra\u00e7a do Rach\u00e3o &#8211; equipamentos municipais -, ocasi\u00e3o em que a gestora estadual tamb\u00e9m realizou a entrega de dez ruas pavimentadas na cidade.<\/span><\/p>\n<p>\u201cN\u00f3s chegamos aqui em Camaragibe com as m\u00e3os recheadas de trabalho. Temos feito muitas parcerias, parte delas j\u00e1 entregues pelo prefeito. Hoje, estamos inaugurando ruas cal\u00e7adas e pavimentadas a partir da colabora\u00e7\u00e3o do Governo de Pernambuco. Tamb\u00e9m assinamos a segunda etapa do Mercado de Camaragibe. S\u00e3o mais de R$ 10 milh\u00f5es em investimentos apenas nessa obra. O acesso do Ramal da Arena, por sua vez, j\u00e1 \u00e9 realidade na vida do munic\u00edpio, para quem transita por aqui e esperou por mais de 10 anos pela conclus\u00e3o dessa interven\u00e7\u00e3o\u201d, destacou a governadora Raquel Lyra.<\/p>\n<p>A assinatura da ordem de servi\u00e7o do Ramal da Arena d\u00e1 in\u00edcio \u00e0s obras do Eixo 5.000 do projeto. Essa \u00e9 a \u00faltima fase dos servi\u00e7os de alargamento da estrada que liga a BR-408, em S\u00e3o Louren\u00e7o da Mata, \u00e0 Avenida Belmino Correia, em Camaragibe \u2014 uma obra que deveria ter sido entregue para a Copa de 2014. Ao todo, est\u00e3o sendo investidos R$ 15.399.979,48.<\/p>\n<p>A secret\u00e1ria estadual de Desenvolvimento Urbano e Habita\u00e7\u00e3o, Simone Nunes, destacou os investimentos realizados pelo Governo de Pernambuco. \u201cHoje realizamos entregas importantes na cidade de Camaragibe. Ao todo, o Estado est\u00e1 aplicando cerca de R$ 100 milh\u00f5es em obras aqui na cidade. Com a lideran\u00e7a da governadora Raquel Lyra, a gente assina e entrega obras no tempo certo, desde o cal\u00e7amento de ruas at\u00e9 a restaura\u00e7\u00e3o do mercado p\u00fablico\u201d, disse a titular da pasta.<\/p>\n<p>Na ocasi\u00e3o, a governadora tamb\u00e9m autorizou a reforma do Bloco 2 do Mercado P\u00fablico de Camaragibe, com investimento de R$ 10.098.242,99. A obra acontece ap\u00f3s inc\u00eandio ocorrido em 2022, que destruiu 200 boxes do mercado.<\/p>\n<p>Anfitri\u00e3o do evento, o prefeito de Camaragibe, Diego Cabral, ressaltou os investimentos que j\u00e1 beneficiam a popula\u00e7\u00e3o do munic\u00edpio. \u201cEstamos muito felizes em receber a governadora Raquel Lyra, que \u00e9 uma parceira do munic\u00edpio de Camaragibe. Como ela mesma diz: \u2018ningu\u00e9m faz nada sozinho\u2019, e a gente precisa ter parcerias nos n\u00edveis estadual e federal\u201d, afirmou o gestor. Presente na agenda, o deputado estadual Jo\u00e3o de Nadegi destacou o empenho da governadora. \u201cCamaragibe agora entra na rota do desenvolvimento e quem ganha \u00e9 o povo. S\u00e3o parcerias e investimentos de centenas de milh\u00f5es de reais apenas em Camaragibe\u201d, afirmou o parlamentar.<\/p>\n<p>Ao lado do prefeito Diego Cabral, a gestora estadual tamb\u00e9m participou do descerramento da placa da Pra\u00e7a Eraldo J\u00fanior, conhecida como \u201cPra\u00e7a do Rach\u00e3o\u201d, e da inaugura\u00e7\u00e3o do Est\u00e1dio Canet\u00e3o, ambos investimentos da gest\u00e3o municipal.<\/p>\n<p>*ENTREGAS* \u2013 Na ocasi\u00e3o, a gestora estadual tamb\u00e9m realizou a entrega de dez ruas pavimentadas no munic\u00edpio, resultado de conv\u00eanio com a Prefeitura de Camaragibe, que contou com investimentos de mais de R$ 5 milh\u00f5es.<\/p>\n<p>Acompanharam a agenda os secret\u00e1rios Andr\u00e9 Teixeira Filho (Mobilidade e Infraestrutura), Ivete Lacerda (Esportes) e Coronel Herc\u00edlio Mamede (Casa Militar); os prefeitos Edmilson Cupertino (Moreno) e J\u00fanior de Irm\u00e3 T\u00eaca (Itapissuma); a vice-prefeita de Camaragibe, Comandante D\u00e9bora; a ex-prefeita de Camaragibe, Dra. Nadegi; assim como Z\u00e9 de Irm\u00e3 T\u00eaca, superintendente federal da Pesca em Pernambuco e Henrique Seixas, defensor p\u00fablico-geral de Pernambuco; al\u00e9m de vereadores e lideran\u00e7as locais.<\/p>\n<p>Fotos: Hes\u00edodo G\u00f3es\/Secom<\/p>\n","protected":false},"excerpt":{"rendered":"<p>Em Camaragibe, na Regi\u00e3o Metropolitana do Recife, a governadora Raquel Lyra assinou, nesta segunda-feira (6), duas ordens de servi\u00e7o para&hellip;<\/p>\n","protected":false},"author":1,"featured_media":123537,"comment_status":"closed","ping_status":"open","sticky":false,"template":"","format":"standard","meta":{"footnotes":""},"categories":[14120],"tags":[13146,20,34634,1229],"class_list":["post-123535","post","type-post","status-publish","format-standard","has-post-thumbnail","hentry","category-noticias","tag-blog-edvaldo-magalhaes","tag-politica","tag-portal-edvaldo-magalhaes","tag-raquel-lyra"],"_links":{"self":[{"href":"https:\/\/blogdoedvaldomagalhaes.com.br\/index.php\/wp-json\/wp\/v2\/posts\/123535","targetHints":{"allow":["GET"]}}],"collection":[{"href":"https:\/\/blogdoedvaldomagalhaes.com.br\/index.php\/wp-json\/wp\/v2\/posts"}],"about":[{"href":"https:\/\/blogdoedvaldomagalhaes.com.br\/index.php\/wp-json\/wp\/v2\/types\/post"}],"author":[{"embeddable":true,"href":"https:\/\/blogdoedvaldomagalhaes.com.br\/index.php\/wp-json\/wp\/v2\/users\/1"}],"replies":[{"embeddable":true,"href":"https:\/\/blogdoedvaldomagalhaes.com.br\/index.php\/wp-json\/wp\/v2\/comments?post=123535"}],"version-history":[{"count":1,"href":"https:\/\/blogdoedvaldomagalhaes.com.br\/index.php\/wp-json\/wp\/v2\/posts\/123535\/revisions"}],"predecessor-version":[{"id":123536,"href":"https:\/\/blogdoedvaldomagalhaes.com.br\/index.php\/wp-json\/wp\/v2\/posts\/123535\/revisions\/123536"}],"wp:featuredmedia":[{"embeddable":true,"href":"https:\/\/blogdoedvaldomagalhaes.com.br\/index.php\/wp-json\/wp\/v2\/media\/123537"}],"wp:attachment":[{"href":"https:\/\/blogdoedvaldomagalhaes.com.br\/index.php\/wp-json\/wp\/v2\/media?parent=123535"}],"wp:term":[{"taxonomy":"category","embeddable":true,"href":"https:\/\/blogdoedvaldomagalhaes.com.br\/index.php\/wp-json\/wp\/v2\/categories?post=123535"},{"taxonomy":"post_tag","embeddable":true,"href":"https:\/\/blogdoedvaldomagalhaes.com.br\/index.php\/wp-json\/wp\/v2\/tags?post=123535"}],"curies":[{"name":"wp","href":"https:\/\/api.w.org\/{rel}","templated":true}]}}