{"id":123528,"date":"2025-10-06T18:49:27","date_gmt":"2025-10-06T21:49:27","guid":{"rendered":"https:\/\/blogdoedvaldomagalhaes.com.br\/?p=123528"},"modified":"2025-10-06T18:54:31","modified_gmt":"2025-10-06T21:54:31","slug":"procon-pe-notifica-depositos-de-bebidas-no-agreste-e-na-capital-durante-fiscalizacao","status":"publish","type":"post","link":"https:\/\/blogdoedvaldomagalhaes.com.br\/index.php\/2025\/10\/06\/procon-pe-notifica-depositos-de-bebidas-no-agreste-e-na-capital-durante-fiscalizacao\/","title":{"rendered":"Procon-PE notifica dep\u00f3sitos de bebidas no Agreste e na capital durante fiscaliza\u00e7\u00e3o"},"content":{"rendered":"<p>O Procon Pernambuco deu continuidade, nesta segunda-feira (06), \u00e0s a\u00e7\u00f5es de fiscaliza\u00e7\u00e3o em dep\u00f3sitos de bebidas, com o objetivo de coibir a comercializa\u00e7\u00e3o de bebidas destiladas adulteradas com metanol. A iniciativa integra as medidas preventivas adotadas pelo \u00f3rg\u00e3o para proteger a sa\u00fade e garantir a seguran\u00e7a dos consumidores pernambucanos.<\/p>\n<p>Al\u00e9m do Recife, onde as equipes j\u00e1 vinham atuando desde a semana passada, o Procon-PE ampliou a opera\u00e7\u00e3o para o munic\u00edpio de Camaragibe na RMR, al\u00e9m do interior do estado, onde as a\u00e7\u00f5es ocorreram nas cidades de Belo Jardim e Lajedo, no Agreste.<\/p>\n<p>Durante as inspe\u00e7\u00f5es, foram registradas as seguintes ocorr\u00eancias: 09 notifica\u00e7\u00f5es; uma apreens\u00e3o; e uma autua\u00e7\u00e3o, em decorr\u00eancia de produtos vencidos expostos \u00e0 venda. As equipes tamb\u00e9m verificaram a proced\u00eancia dos r\u00f3tulos, lacres de seguran\u00e7a e condi\u00e7\u00f5es de armazenamento das bebidas.<\/p>\n<p><img loading=\"lazy\" decoding=\"async\" class=\"wp-image-123531 alignnone size-full\" src=\"https:\/\/blogdoedvaldomagalhaes.com.br\/wp-content\/uploads\/2025\/10\/img-20251006-wa02138984803626820931875.jpg\" width=\"1280\" height=\"720\" srcset=\"https:\/\/blogdoedvaldomagalhaes.com.br\/wp-content\/uploads\/2025\/10\/img-20251006-wa02138984803626820931875.jpg 1280w, https:\/\/blogdoedvaldomagalhaes.com.br\/wp-content\/uploads\/2025\/10\/img-20251006-wa02138984803626820931875-300x169.jpg 300w, https:\/\/blogdoedvaldomagalhaes.com.br\/wp-content\/uploads\/2025\/10\/img-20251006-wa02138984803626820931875-1024x576.jpg 1024w, https:\/\/blogdoedvaldomagalhaes.com.br\/wp-content\/uploads\/2025\/10\/img-20251006-wa02138984803626820931875-768x432.jpg 768w, https:\/\/blogdoedvaldomagalhaes.com.br\/wp-content\/uploads\/2025\/10\/img-20251006-wa02138984803626820931875-1140x641.jpg 1140w, https:\/\/blogdoedvaldomagalhaes.com.br\/wp-content\/uploads\/2025\/10\/img-20251006-wa02138984803626820931875-720x405.jpg 720w\" sizes=\"auto, (max-width: 1280px) 100vw, 1280px\" \/><\/p>\n<p>\u201cUma das determina\u00e7\u00f5es da governadora Raquel Lyra \u00e9 descentralizar as a\u00e7\u00f5es. Desta vez, estamos fiscalizando cidades do Agreste, al\u00e9m da capital, e seguiremos para as demais regi\u00f5es do estado\u201d, destacou o Secret\u00e1rio Executivo de Justi\u00e7a e Promo\u00e7\u00e3o dos Direitos do Consumidor, Anselmo Ara\u00fajo, ao comentar sobre a opera\u00e7\u00e3o.<\/p>\n<p>Os estabelecimentos notificados t\u00eam cinco dias \u00fateis, a contar da pr\u00f3xima ter\u00e7a-feira (07), para apresentar a documenta\u00e7\u00e3o exigida.<\/p>\n<p>O Procon-PE refor\u00e7a a import\u00e2ncia da colabora\u00e7\u00e3o da popula\u00e7\u00e3o no combate \u00e0 comercializa\u00e7\u00e3o de bebidas irregulares. Den\u00fancias podem ser enviadas para o email: denuncia@procon.pe.gov.br.<br \/>\nSiga o Instagram @portaledvaldomagalhaes<\/p>\n<p><img loading=\"lazy\" decoding=\"async\" src=\"https:\/\/blogdoedvaldomagalhaes.com.br\/wp-content\/uploads\/2025\/10\/img-20251006-wa0214441792027114475324.jpg\" class=\"wp-image-123533 alignnone size-full\" width=\"1280\" height=\"720\" srcset=\"https:\/\/blogdoedvaldomagalhaes.com.br\/wp-content\/uploads\/2025\/10\/img-20251006-wa0214441792027114475324.jpg 1280w, https:\/\/blogdoedvaldomagalhaes.com.br\/wp-content\/uploads\/2025\/10\/img-20251006-wa0214441792027114475324-300x169.jpg 300w, https:\/\/blogdoedvaldomagalhaes.com.br\/wp-content\/uploads\/2025\/10\/img-20251006-wa0214441792027114475324-1024x576.jpg 1024w, https:\/\/blogdoedvaldomagalhaes.com.br\/wp-content\/uploads\/2025\/10\/img-20251006-wa0214441792027114475324-768x432.jpg 768w, https:\/\/blogdoedvaldomagalhaes.com.br\/wp-content\/uploads\/2025\/10\/img-20251006-wa0214441792027114475324-1140x641.jpg 1140w, https:\/\/blogdoedvaldomagalhaes.com.br\/wp-content\/uploads\/2025\/10\/img-20251006-wa0214441792027114475324-720x405.jpg 720w\" sizes=\"auto, (max-width: 1280px) 100vw, 1280px\" \/>Fotos: Charlles Arthur\/Procon-PE<\/p>\n","protected":false},"excerpt":{"rendered":"<p>O Procon Pernambuco deu continuidade, nesta segunda-feira (06), \u00e0s a\u00e7\u00f5es de fiscaliza\u00e7\u00e3o em dep\u00f3sitos de bebidas, com o objetivo de&hellip;<\/p>\n","protected":false},"author":1,"featured_media":123529,"comment_status":"closed","ping_status":"open","sticky":false,"template":"","format":"standard","meta":{"footnotes":""},"categories":[14120],"tags":[13146,34851,34634,34918],"class_list":["post-123528","post","type-post","status-publish","format-standard","has-post-thumbnail","hentry","category-noticias","tag-blog-edvaldo-magalhaes","tag-metanol","tag-portal-edvaldo-magalhaes","tag-procon-pe-notifica-depositos-de-bebidas-no-agreste-e-na-capital-durante-fiscalizacao"],"_links":{"self":[{"href":"https:\/\/blogdoedvaldomagalhaes.com.br\/index.php\/wp-json\/wp\/v2\/posts\/123528","targetHints":{"allow":["GET"]}}],"collection":[{"href":"https:\/\/blogdoedvaldomagalhaes.com.br\/index.php\/wp-json\/wp\/v2\/posts"}],"about":[{"href":"https:\/\/blogdoedvaldomagalhaes.com.br\/index.php\/wp-json\/wp\/v2\/types\/post"}],"author":[{"embeddable":true,"href":"https:\/\/blogdoedvaldomagalhaes.com.br\/index.php\/wp-json\/wp\/v2\/users\/1"}],"replies":[{"embeddable":true,"href":"https:\/\/blogdoedvaldomagalhaes.com.br\/index.php\/wp-json\/wp\/v2\/comments?post=123528"}],"version-history":[{"count":3,"href":"https:\/\/blogdoedvaldomagalhaes.com.br\/index.php\/wp-json\/wp\/v2\/posts\/123528\/revisions"}],"predecessor-version":[{"id":123534,"href":"https:\/\/blogdoedvaldomagalhaes.com.br\/index.php\/wp-json\/wp\/v2\/posts\/123528\/revisions\/123534"}],"wp:featuredmedia":[{"embeddable":true,"href":"https:\/\/blogdoedvaldomagalhaes.com.br\/index.php\/wp-json\/wp\/v2\/media\/123529"}],"wp:attachment":[{"href":"https:\/\/blogdoedvaldomagalhaes.com.br\/index.php\/wp-json\/wp\/v2\/media?parent=123528"}],"wp:term":[{"taxonomy":"category","embeddable":true,"href":"https:\/\/blogdoedvaldomagalhaes.com.br\/index.php\/wp-json\/wp\/v2\/categories?post=123528"},{"taxonomy":"post_tag","embeddable":true,"href":"https:\/\/blogdoedvaldomagalhaes.com.br\/index.php\/wp-json\/wp\/v2\/tags?post=123528"}],"curies":[{"name":"wp","href":"https:\/\/api.w.org\/{rel}","templated":true}]}}