{"id":123523,"date":"2025-10-06T18:30:16","date_gmt":"2025-10-06T21:30:16","guid":{"rendered":"https:\/\/blogdoedvaldomagalhaes.com.br\/?p=123523"},"modified":"2025-10-06T18:39:52","modified_gmt":"2025-10-06T21:39:52","slug":"vereadores-realizarao-fiscalizacao-do-andamento-da-obra-da-upa-do-vassoural-nesta-terca","status":"publish","type":"post","link":"https:\/\/blogdoedvaldomagalhaes.com.br\/index.php\/2025\/10\/06\/vereadores-realizarao-fiscalizacao-do-andamento-da-obra-da-upa-do-vassoural-nesta-terca\/","title":{"rendered":"Vereadores realizar\u00e3o fiscaliza\u00e7\u00e3o do andamento da obra da UPA do Vassoural nesta ter\u00e7a"},"content":{"rendered":"<p>Os vereadores Delegado Lessa, Gil Bobinho, Mano do Som e Fagner dos Animais j\u00e1 confirmaram presen\u00e7a na realiza\u00e7\u00e3o, nesta ter\u00e7a-feira (07\/10), \u00e0s 10h, de uma vistoria na obra da UPA do Vassoural. Outros vereadores j\u00e1 foram convidados e tamb\u00e9m devem estar presentes.<\/p>\n<p>A visita tem como objetivo acompanhar de perto o andamento dos trabalhos desse importante equipamento p\u00fablico, que representa um avan\u00e7o significativo para a sa\u00fade da popula\u00e7\u00e3o do bairro e de toda a cidade.<\/p>\n<p>A nova unidade de pronto atendimento, que agora, segundo a prefeitura deve se tornar um Complexo de Sa\u00fade deve ampliar o acesso da comunidade aos servi\u00e7os de urg\u00eancia e emerg\u00eancia, garantindo mais qualidade e agilidade no atendimento m\u00e9dico.<\/p>\n<p>A fiscaliza\u00e7\u00e3o refor\u00e7a o compromisso dos parlamentares com a transpar\u00eancia e a boa aplica\u00e7\u00e3o dos recursos p\u00fablicos em benef\u00edcio dos caruaruenses, j\u00e1 que estiveram na Unidade de Sa\u00fade no primeiro semestre de 2025, quando as obras estavam paralisadas e cobraram retomada da reforma, tendo resultado na retomada da requalifica\u00e7\u00e3o.<br \/>\nSeja seguidor do Instagram @portaledvaldomagalhaes<br \/>\nFoto: Divulga\u00e7\u00e3o <\/p>\n","protected":false},"excerpt":{"rendered":"<p>Os vereadores Delegado Lessa, Gil Bobinho, Mano do Som e Fagner dos Animais j\u00e1 confirmaram presen\u00e7a na realiza\u00e7\u00e3o, nesta ter\u00e7a-feira&hellip;<\/p>\n","protected":false},"author":1,"featured_media":123525,"comment_status":"closed","ping_status":"open","sticky":false,"template":"","format":"standard","meta":{"footnotes":""},"categories":[14122],"tags":[13146,34634,34917],"class_list":["post-123523","post","type-post","status-publish","format-standard","has-post-thumbnail","hentry","category-politica","tag-blog-edvaldo-magalhaes","tag-portal-edvaldo-magalhaes","tag-vereadores-realizarao-fiscalizacao-do-andamento-da-obra-da-upa-do-vassoural-nesta-terca"],"_links":{"self":[{"href":"https:\/\/blogdoedvaldomagalhaes.com.br\/index.php\/wp-json\/wp\/v2\/posts\/123523","targetHints":{"allow":["GET"]}}],"collection":[{"href":"https:\/\/blogdoedvaldomagalhaes.com.br\/index.php\/wp-json\/wp\/v2\/posts"}],"about":[{"href":"https:\/\/blogdoedvaldomagalhaes.com.br\/index.php\/wp-json\/wp\/v2\/types\/post"}],"author":[{"embeddable":true,"href":"https:\/\/blogdoedvaldomagalhaes.com.br\/index.php\/wp-json\/wp\/v2\/users\/1"}],"replies":[{"embeddable":true,"href":"https:\/\/blogdoedvaldomagalhaes.com.br\/index.php\/wp-json\/wp\/v2\/comments?post=123523"}],"version-history":[{"count":2,"href":"https:\/\/blogdoedvaldomagalhaes.com.br\/index.php\/wp-json\/wp\/v2\/posts\/123523\/revisions"}],"predecessor-version":[{"id":123527,"href":"https:\/\/blogdoedvaldomagalhaes.com.br\/index.php\/wp-json\/wp\/v2\/posts\/123523\/revisions\/123527"}],"wp:featuredmedia":[{"embeddable":true,"href":"https:\/\/blogdoedvaldomagalhaes.com.br\/index.php\/wp-json\/wp\/v2\/media\/123525"}],"wp:attachment":[{"href":"https:\/\/blogdoedvaldomagalhaes.com.br\/index.php\/wp-json\/wp\/v2\/media?parent=123523"}],"wp:term":[{"taxonomy":"category","embeddable":true,"href":"https:\/\/blogdoedvaldomagalhaes.com.br\/index.php\/wp-json\/wp\/v2\/categories?post=123523"},{"taxonomy":"post_tag","embeddable":true,"href":"https:\/\/blogdoedvaldomagalhaes.com.br\/index.php\/wp-json\/wp\/v2\/tags?post=123523"}],"curies":[{"name":"wp","href":"https:\/\/api.w.org\/{rel}","templated":true}]}}