{"id":123519,"date":"2025-10-06T13:00:40","date_gmt":"2025-10-06T16:00:40","guid":{"rendered":"https:\/\/blogdoedvaldomagalhaes.com.br\/?p=123519"},"modified":"2025-10-06T13:00:40","modified_gmt":"2025-10-06T16:00:40","slug":"secretaria-de-saude-de-caruaru-moderniza-servicos-de-imagem-nas-upas-com-implantacao-de-raio-x-digital","status":"publish","type":"post","link":"https:\/\/blogdoedvaldomagalhaes.com.br\/index.php\/2025\/10\/06\/secretaria-de-saude-de-caruaru-moderniza-servicos-de-imagem-nas-upas-com-implantacao-de-raio-x-digital\/","title":{"rendered":"Secretaria de Sa\u00fade de Caruaru moderniza servi\u00e7os de imagem nas UPAs com implanta\u00e7\u00e3o de raio-x digital"},"content":{"rendered":"<p>A Prefeitura de Caruaru, por meio da Secretaria Municipal de Sa\u00fade (SMS), deu mais um importante passo na moderniza\u00e7\u00e3o da rede de urg\u00eancia e emerg\u00eancia com o avan\u00e7o dos aparelhos de raio-x, evoluindo-os da tecnologia anal\u00f3gica para a tecnologia digital, nas Unidades de Pronto Atendimento (UPA) dos bairros Salgado, Rendeiras e Boa Vista  atrav\u00e9s do investimento na aquisi\u00e7\u00e3o de equipamentos do tipo detectores DR (Digital Radiography).<\/p>\n<p>A iniciativa representa um avan\u00e7o significativo na qualidade da assist\u00eancia em sa\u00fade, garantindo exames mais r\u00e1pidos, precisos e seguros para usu\u00e1rios e profissionais. O novo sistema possibilita maior nitidez das imagens e diagn\u00f3sticos mais \u00e1geis, atrav\u00e9s do laudo em tela de computador no local ou a dist\u00e2ncia ou ainda impresso em impressora, evitando o tempo de espera da revela\u00e7\u00e3o do exame, al\u00e9m de diminuir a exposi\u00e7\u00e3o \u00e0 radia\u00e7\u00e3o.<\/p>\n<p>Outra vantagem \u00e9 a integra\u00e7\u00e3o desta tecnologia implantada, de digitaliza\u00e7\u00e3o de imagens, ap\u00f3s execu\u00e7\u00e3o do exame com o prontu\u00e1rio eletr\u00f4nico, o que facilita o armazenamento, o compartilhamento das informa\u00e7\u00f5es e a continuidade do cuidado em outros servi\u00e7os de sa\u00fade. Al\u00e9m disso, a evolu\u00e7\u00e3o da tecnologia dos equipamentos existentes atrav\u00e9s da aquisi\u00e7\u00e3o dos detectores DR contribui para a sustentabilidade, ao eliminar a necessidade de filmes radiogr\u00e1ficos, revela\u00e7\u00e3o anteriormente ocorrida de todos os exames, e uso de insumos qu\u00edmicos, reduzindo assim tamb\u00e9m os custos operacionais gerais a m\u00e9dio prazo. <\/p>\n<p>\u201cA implanta\u00e7\u00e3o do raio-x digital nas nossas UPAs refor\u00e7a o compromisso da gest\u00e3o municipal com a inova\u00e7\u00e3o e a qualifica\u00e7\u00e3o otimizada do atendimento de acordo com a tecnologia mais atualizada existente no mercado. Essa tecnologia amplia a resolutividade dos servi\u00e7os de imagem modernizados atrav\u00e9s dela e promove mais seguran\u00e7a e efici\u00eancia no cuidado \u00e0 popula\u00e7\u00e3o\u201d, destacou a secret\u00e1ria de Sa\u00fade de Caruaru, Nadja Farias.<br \/>\nSeja seguidor do Instagram @portaledvaldomagalhaes<br \/>\nFoto: Divulga\u00e7\u00e3o <\/p>\n","protected":false},"excerpt":{"rendered":"<p>A Prefeitura de Caruaru, por meio da Secretaria Municipal de Sa\u00fade (SMS), deu mais um importante passo na moderniza\u00e7\u00e3o da&hellip;<\/p>\n","protected":false},"author":1,"featured_media":123520,"comment_status":"closed","ping_status":"open","sticky":false,"template":"","format":"standard","meta":{"footnotes":""},"categories":[14120],"tags":[13146,34634,34916],"class_list":["post-123519","post","type-post","status-publish","format-standard","has-post-thumbnail","hentry","category-noticias","tag-blog-edvaldo-magalhaes","tag-portal-edvaldo-magalhaes","tag-secretaria-de-saude-de-caruaru-moderniza-servicos-de-imagem-nas-upas-com-implantacao-de-raio-x-digital"],"_links":{"self":[{"href":"https:\/\/blogdoedvaldomagalhaes.com.br\/index.php\/wp-json\/wp\/v2\/posts\/123519","targetHints":{"allow":["GET"]}}],"collection":[{"href":"https:\/\/blogdoedvaldomagalhaes.com.br\/index.php\/wp-json\/wp\/v2\/posts"}],"about":[{"href":"https:\/\/blogdoedvaldomagalhaes.com.br\/index.php\/wp-json\/wp\/v2\/types\/post"}],"author":[{"embeddable":true,"href":"https:\/\/blogdoedvaldomagalhaes.com.br\/index.php\/wp-json\/wp\/v2\/users\/1"}],"replies":[{"embeddable":true,"href":"https:\/\/blogdoedvaldomagalhaes.com.br\/index.php\/wp-json\/wp\/v2\/comments?post=123519"}],"version-history":[{"count":1,"href":"https:\/\/blogdoedvaldomagalhaes.com.br\/index.php\/wp-json\/wp\/v2\/posts\/123519\/revisions"}],"predecessor-version":[{"id":123521,"href":"https:\/\/blogdoedvaldomagalhaes.com.br\/index.php\/wp-json\/wp\/v2\/posts\/123519\/revisions\/123521"}],"wp:featuredmedia":[{"embeddable":true,"href":"https:\/\/blogdoedvaldomagalhaes.com.br\/index.php\/wp-json\/wp\/v2\/media\/123520"}],"wp:attachment":[{"href":"https:\/\/blogdoedvaldomagalhaes.com.br\/index.php\/wp-json\/wp\/v2\/media?parent=123519"}],"wp:term":[{"taxonomy":"category","embeddable":true,"href":"https:\/\/blogdoedvaldomagalhaes.com.br\/index.php\/wp-json\/wp\/v2\/categories?post=123519"},{"taxonomy":"post_tag","embeddable":true,"href":"https:\/\/blogdoedvaldomagalhaes.com.br\/index.php\/wp-json\/wp\/v2\/tags?post=123519"}],"curies":[{"name":"wp","href":"https:\/\/api.w.org\/{rel}","templated":true}]}}