{"id":1235,"date":"2018-09-24T09:49:00","date_gmt":"2018-09-24T12:49:00","guid":{"rendered":"http:\/\/blogdoedvaldomagalhaes.com.br\/index.php\/2018\/09\/24\/cinco-homicidios-no-fim-de-semana-e\/"},"modified":"2019-02-09T02:32:02","modified_gmt":"2019-02-09T04:32:02","slug":"cinco-homicidios-no-fim-de-semana-e","status":"publish","type":"post","link":"https:\/\/blogdoedvaldomagalhaes.com.br\/index.php\/2018\/09\/24\/cinco-homicidios-no-fim-de-semana-e\/","title":{"rendered":"Cinco homic\u00eddios no fim de semana em Caruaru"},"content":{"rendered":"<div class=\"separator\" style=\"clear: both; text-align: center;\">\n<a href=\"https:\/\/1.bp.blogspot.com\/-tpxMExO4QP8\/W6iy_T4V3EI\/AAAAAAAA6hM\/igWAyMCTp-AnTD88DbjIcKDfJK8SPMdsQCLcBGAs\/s1600\/homcidio.jpg\" imageanchor=\"1\" style=\"margin-left: 1em; margin-right: 1em;\"><img loading=\"lazy\" decoding=\"async\" border=\"0\" data-original-height=\"371\" data-original-width=\"500\" height=\"470\" src=\"http:\/\/blogdoedvaldomagalhaes.com.br\/wp-content\/uploads\/2018\/09\/homcidio.jpg\" width=\"640\" \/><\/a><\/div>\n<div style=\"background-color: white; box-sizing: border-box; line-height: 24px; margin-bottom: 10px; text-align: justify;\">\n<\/div>\n<div style=\"background-color: white; box-sizing: border-box; line-height: 24px; margin-bottom: 10px; text-align: justify;\">\nO fim de semana foi marcado pela viol\u00eancia no munic\u00edpio de Caruaru, com o registro de cinco homic\u00eddios. O primeiro caso ocorreu na manh\u00e3 de sexta-feira (21). O servente de pedreiro Erivan dos Santos Silva, 35 anos, morreu no Hospital Regional do Agreste (HRA) ap\u00f3s ter sido baleado no bairro Jo\u00e3o Mota.<\/div>\n<div style=\"background-color: white; box-sizing: border-box; line-height: 24px; margin-bottom: 10px; text-align: justify;\">\nO segundo crime aconteceu na noite de sexta, em uma estrada do S\u00edtio Ju\u00e1, na zona rural do munic\u00edpio. O seguran\u00e7a Jo\u00e9liton Fernandes Freitas, 36 anos, foi morto com v\u00e1rios tiros. Ele estava em uma motocicleta em companhia de Paulo Cavalcanti de Paula, 32, que foi atingido com dois tiros e socorrido.<\/div>\n<div style=\"background-color: white; box-sizing: border-box; line-height: 24px; margin-bottom: 10px; text-align: justify;\">\nO terceiro registro ocorreu na manh\u00e3 de s\u00e1bado (22), quando morreu no HRA o pintor Durval Henrique do Nascimento, 50 anos. Ele estava hospitalizado ap\u00f3s ser baleado no Alto da Banana, bairro Petr\u00f3polis.<\/div>\n<div style=\"background-color: white; box-sizing: border-box; line-height: 24px; margin-bottom: 10px; text-align: justify;\">\nO quarto homic\u00eddio aconteceu na noite de s\u00e1bado (22), no S\u00edtio Cip\u00f3. O descarregador de caminh\u00e3o Evaldo Jos\u00e9 da Silva, 38 anos, foi morto a facadas. Ele trabalhava na Central de Abastecimento de Caruaru (Ceaca).<\/div>\n<div style=\"background-color: white; box-sizing: border-box; line-height: 24px; margin-bottom: 10px; text-align: justify;\">\nO quinto assassinato foi registrado na manh\u00e3 deste domingo (23), na Rua Cuiab\u00e1, bairro S\u00e3o Francisco, nas encostas do Monte Bom Jesus. O ex-presidi\u00e1rio Rodrigo Cardoso da Silva, 29 anos, foi morto a pedradas.<\/div>\n<div style=\"background-color: white; box-sizing: border-box; line-height: 24px; margin-bottom: 10px; text-align: justify;\">\nCom estes homic\u00eddios, subiu para 11 o n\u00famero de pessoas assassinadas no m\u00eas de setembro em Caruaru e para 128 neste ano de 2018.<\/div>\n<div style=\"background-color: white; box-sizing: border-box; line-height: 24px; margin-bottom: 10px; text-align: justify;\">\nNo fim de semana, 46 pessoas foram assassinadas em Pernambuco, sendo 19 homic\u00eddios nas \u00faltimas 24 horas. No ano s\u00e3o 3.052 assassinatos no Estado, 1.232 no Grande Recife e 1.820 no interior.<\/div>\n<div style=\"background-color: white; box-sizing: border-box; line-height: 24px; margin-bottom: 10px; text-align: justify;\">\nFonte: R\u00e1dio Liberdade.<\/div>\n","protected":false},"excerpt":{"rendered":"<p>O fim de semana foi marcado pela viol\u00eancia no munic\u00edpio de Caruaru, com o registro de cinco homic\u00eddios. O primeiro&hellip;<\/p>\n","protected":false},"author":1,"featured_media":0,"comment_status":"open","ping_status":"open","sticky":false,"template":"","format":"standard","meta":{"footnotes":""},"categories":[1],"tags":[2,1192,13],"class_list":["post-1235","post","type-post","status-publish","format-standard","hentry","category-sem-categoria","tag-blog-do-edvaldo-magalhaes","tag-cinco-homicidios-no-fim-de-semana-em-caruaru","tag-policial"],"_links":{"self":[{"href":"https:\/\/blogdoedvaldomagalhaes.com.br\/index.php\/wp-json\/wp\/v2\/posts\/1235","targetHints":{"allow":["GET"]}}],"collection":[{"href":"https:\/\/blogdoedvaldomagalhaes.com.br\/index.php\/wp-json\/wp\/v2\/posts"}],"about":[{"href":"https:\/\/blogdoedvaldomagalhaes.com.br\/index.php\/wp-json\/wp\/v2\/types\/post"}],"author":[{"embeddable":true,"href":"https:\/\/blogdoedvaldomagalhaes.com.br\/index.php\/wp-json\/wp\/v2\/users\/1"}],"replies":[{"embeddable":true,"href":"https:\/\/blogdoedvaldomagalhaes.com.br\/index.php\/wp-json\/wp\/v2\/comments?post=1235"}],"version-history":[{"count":1,"href":"https:\/\/blogdoedvaldomagalhaes.com.br\/index.php\/wp-json\/wp\/v2\/posts\/1235\/revisions"}],"predecessor-version":[{"id":34293,"href":"https:\/\/blogdoedvaldomagalhaes.com.br\/index.php\/wp-json\/wp\/v2\/posts\/1235\/revisions\/34293"}],"wp:attachment":[{"href":"https:\/\/blogdoedvaldomagalhaes.com.br\/index.php\/wp-json\/wp\/v2\/media?parent=1235"}],"wp:term":[{"taxonomy":"category","embeddable":true,"href":"https:\/\/blogdoedvaldomagalhaes.com.br\/index.php\/wp-json\/wp\/v2\/categories?post=1235"},{"taxonomy":"post_tag","embeddable":true,"href":"https:\/\/blogdoedvaldomagalhaes.com.br\/index.php\/wp-json\/wp\/v2\/tags?post=1235"}],"curies":[{"name":"wp","href":"https:\/\/api.w.org\/{rel}","templated":true}]}}