{"id":1234,"date":"2018-09-24T15:22:00","date_gmt":"2018-09-24T18:22:00","guid":{"rendered":"http:\/\/blogdoedvaldomagalhaes.com.br\/index.php\/2018\/09\/24\/iniciada-preparacao-das-urnas-para-as\/"},"modified":"2019-02-09T02:32:02","modified_gmt":"2019-02-09T04:32:02","slug":"iniciada-preparacao-das-urnas-para-as","status":"publish","type":"post","link":"https:\/\/blogdoedvaldomagalhaes.com.br\/index.php\/2018\/09\/24\/iniciada-preparacao-das-urnas-para-as\/","title":{"rendered":"Iniciada prepara\u00e7\u00e3o das urnas para as Elei\u00e7\u00f5es de 7 de outubro"},"content":{"rendered":"<div class=\"separator\" style=\"clear: both; text-align: center;\">\n<a href=\"https:\/\/2.bp.blogspot.com\/-_7tDcXsjTH4\/W6kA9lfDLMI\/AAAAAAAA6hc\/jRr84rFYjcMK3aMBi33etg4IHjZ_WMElgCLcBGAs\/s1600\/tre.jpg\" imageanchor=\"1\" style=\"margin-left: 1em; margin-right: 1em;\"><img loading=\"lazy\" decoding=\"async\" border=\"0\" data-original-height=\"375\" data-original-width=\"500\" height=\"480\" src=\"http:\/\/blogdoedvaldomagalhaes.com.br\/wp-content\/uploads\/2018\/09\/tre.jpg\" width=\"640\" \/><\/a><\/div>\n<p><\/p>\n<div style=\"background-color: white; box-sizing: border-box; line-height: 24px; margin-bottom: 10px; text-align: justify;\">\nO Tribunal Regional Eleitoral de Pernambuco (TRE-PE) iniciou, nesta segunda-feira (24), a prepara\u00e7\u00e3o das cerca de 20 mil urnas eletr\u00f4nicas que ser\u00e3o usadas pelos eleitores em todo o Estado. Por meio da opera\u00e7\u00e3o, feita urna a urna, s\u00e3o inseridas todas as informa\u00e7\u00f5es necess\u00e1rias \u00e0 realiza\u00e7\u00e3o do pleito, como os programas de vota\u00e7\u00e3o, a rela\u00e7\u00e3o de eleitores da respectiva se\u00e7\u00e3o eleitoral, os dados de partidos, coliga\u00e7\u00f5es e os nomes e fotos de todos os concorrentes aptos a disputar a elei\u00e7\u00e3o, inclusive os que t\u00eam registros indeferidos e aguardam julgamento de recursos.<\/div>\n<div style=\"background-color: white; box-sizing: border-box; line-height: 24px; margin-bottom: 10px; text-align: justify;\">\nDepois de inseridas todas essas informa\u00e7\u00f5es, as urnas eletr\u00f4nicas s\u00e3o lacradas e est\u00e3o prontas para serem utilizadas nas Elei\u00e7\u00f5es \u2013 a m\u00e1quina lacrada s\u00f3 realiza opera\u00e7\u00f5es em dia e hor\u00e1rio predeterminados.<\/div>\n<div style=\"background-color: white; box-sizing: border-box; line-height: 24px; margin-bottom: 10px; text-align: justify;\">\nTecnicamente chamado de Cerim\u00f4nia de Carga e Lacre das Urnas, o evento ocorre com total transpar\u00eancia e consiste em inserir nas urnas eletr\u00f4nicas os dados referentes aos candidatos e eleitores.<\/div>\n<div style=\"background-color: white; box-sizing: border-box; line-height: 24px; margin-bottom: 10px; text-align: justify;\">\nPernambuco tem 20.049 se\u00e7\u00f5es eleitorais e 6.570.072 eleitores. Cada se\u00e7\u00e3o conta com uma urna e o TRE mant\u00e9m equipamentos de reserva para substitui\u00e7\u00e3o em caso de algum problema de ordem t\u00e9cnica. O primeiro turno das Elei\u00e7\u00f5es acontece em 7 de outubro pr\u00f3ximo.<\/div>\n<div style=\"background-color: white; box-sizing: border-box; line-height: 24px; margin-bottom: 10px; text-align: justify;\">\nNo F\u00f3rum Eleitoral de Caruaru, s\u00e3o preparadas urnas de v\u00e1rios munic\u00edpios do Agreste. Em entrevista ao rep\u00f3rter Edvaldo Magalh\u00e3es, o juiz eleitoral da 35\u00aa Zona Eleitoral da cidade de Bezerros, Paulo Alves de Lima, explica a prepara\u00e7\u00e3o das urnas.<\/div>\n<div style=\"background-color: white; box-sizing: border-box; line-height: 24px; margin-bottom: 10px; text-align: justify;\">\nInforma\u00e7\u00f5es da R\u00e1dio Liberdade.<\/div>\n","protected":false},"excerpt":{"rendered":"<p>O Tribunal Regional Eleitoral de Pernambuco (TRE-PE) iniciou, nesta segunda-feira (24), a prepara\u00e7\u00e3o das cerca de 20 mil urnas eletr\u00f4nicas&hellip;<\/p>\n","protected":false},"author":1,"featured_media":0,"comment_status":"open","ping_status":"open","sticky":false,"template":"","format":"standard","meta":{"footnotes":""},"categories":[1],"tags":[2,1191,20],"class_list":["post-1234","post","type-post","status-publish","format-standard","hentry","category-sem-categoria","tag-blog-do-edvaldo-magalhaes","tag-iniciada-preparacao-das-urnas-para-as-eleicoes-de-7-de-outubro","tag-politica"],"_links":{"self":[{"href":"https:\/\/blogdoedvaldomagalhaes.com.br\/index.php\/wp-json\/wp\/v2\/posts\/1234","targetHints":{"allow":["GET"]}}],"collection":[{"href":"https:\/\/blogdoedvaldomagalhaes.com.br\/index.php\/wp-json\/wp\/v2\/posts"}],"about":[{"href":"https:\/\/blogdoedvaldomagalhaes.com.br\/index.php\/wp-json\/wp\/v2\/types\/post"}],"author":[{"embeddable":true,"href":"https:\/\/blogdoedvaldomagalhaes.com.br\/index.php\/wp-json\/wp\/v2\/users\/1"}],"replies":[{"embeddable":true,"href":"https:\/\/blogdoedvaldomagalhaes.com.br\/index.php\/wp-json\/wp\/v2\/comments?post=1234"}],"version-history":[{"count":1,"href":"https:\/\/blogdoedvaldomagalhaes.com.br\/index.php\/wp-json\/wp\/v2\/posts\/1234\/revisions"}],"predecessor-version":[{"id":34295,"href":"https:\/\/blogdoedvaldomagalhaes.com.br\/index.php\/wp-json\/wp\/v2\/posts\/1234\/revisions\/34295"}],"wp:attachment":[{"href":"https:\/\/blogdoedvaldomagalhaes.com.br\/index.php\/wp-json\/wp\/v2\/media?parent=1234"}],"wp:term":[{"taxonomy":"category","embeddable":true,"href":"https:\/\/blogdoedvaldomagalhaes.com.br\/index.php\/wp-json\/wp\/v2\/categories?post=1234"},{"taxonomy":"post_tag","embeddable":true,"href":"https:\/\/blogdoedvaldomagalhaes.com.br\/index.php\/wp-json\/wp\/v2\/tags?post=1234"}],"curies":[{"name":"wp","href":"https:\/\/api.w.org\/{rel}","templated":true}]}}