{"id":123381,"date":"2025-10-02T08:57:47","date_gmt":"2025-10-02T11:57:47","guid":{"rendered":"https:\/\/blogdoedvaldomagalhaes.com.br\/?p=123381"},"modified":"2025-10-02T08:59:18","modified_gmt":"2025-10-02T11:59:18","slug":"novo-ciclo-do-maes-de-pernambuco-oferece-2-654-vagas-para-mulheres-em-vulnerabilidade","status":"publish","type":"post","link":"https:\/\/blogdoedvaldomagalhaes.com.br\/index.php\/2025\/10\/02\/novo-ciclo-do-maes-de-pernambuco-oferece-2-654-vagas-para-mulheres-em-vulnerabilidade\/","title":{"rendered":"Novo ciclo do M\u00e3es de Pernambuco oferece 2.654 vagas para mulheres em vulnerabilidade"},"content":{"rendered":"<p>O Governo de Pernambuco acaba de dar in\u00edcio a um novo ciclo de confirma\u00e7\u00f5es do Programa M\u00e3es de Pernambuco, atrav\u00e9s da Secretaria de Assist\u00eancia Social, Combate \u00e0 Fome e Pol\u00edticas sobre Drogas (SAS).<\/p>\n<p>Nesta fase, est\u00e3o sendo oferecidas 2.654 novas vagas. As interessadas devem acessar o site www.maesdepernambuco.pe.gov.br at\u00e9 o dia 23 de outubro e informar seu N\u00famero de Identifica\u00e7\u00e3o Social (NIS) e a data de nascimento. O sistema ir\u00e1 informar se a mulher foi aprovada ou se est\u00e1 na lista de espera. Para aquelas que confirmarem a participa\u00e7\u00e3o, o pagamento ser\u00e1 realizado no dia 7 de novembro, com o valor depositado no cart\u00e3o social.<\/p>\n<p>Caso necess\u00e1rio, as mulheres podem comparecer ao CRAS de refer\u00eancia do seu territ\u00f3rio para obter orienta\u00e7\u00e3o e apoio durante o processo de confirma\u00e7\u00e3o ou sobre os crit\u00e9rios de sele\u00e7\u00e3o.<\/p>\n<p>Orientamos ainda que, as mulheres que est\u00e3o na fila de espera devem acessar o site mensalmente para verificar sua classifica\u00e7\u00e3o, identificando se houve altera\u00e7\u00e3o de sua coloca\u00e7\u00e3o.<\/p>\n<p>O Programa M\u00e3es de Pernambuco \u00e9 uma iniciativa p\u00fablica que visa fortalecer a prote\u00e7\u00e3o social e a renda de mulheres que s\u00e3o gestantes, m\u00e3es ou respons\u00e1veis por crian\u00e7as de 0 a 6 anos. O benef\u00edcio \u00e9 pago no valor mensal de R$ 300,00, contribuindo diretamente para a seguran\u00e7a alimentar e nutricional, os cuidados com a primeira inf\u00e2ncia e a autonomia das mulheres atendidas.<\/p>\n<p>Para participar, \u00e9 preciso atender aos seguintes crit\u00e9rios:<\/p>\n<p>1. Morar em Pernambuco;<\/p>\n<p>2. Ser benefici\u00e1ria do Programa Bolsa Fam\u00edlia e estar com o cadastro atualizado;<\/p>\n<p>3. Ser respons\u00e1vel familiar;<\/p>\n<p>4. Estar gestante, ser m\u00e3e ou respons\u00e1vel por crian\u00e7a de 0 a 6 anos (72 meses);<\/p>\n<p>5. N\u00e3o ter emprego ou renda formal.<\/p>\n<p>Desde o lan\u00e7amento do programa em mar\u00e7o de 2024, mais de 131 mil mulheres j\u00e1 foram beneficiadas, com um investimento que ultrapassa R$ 477 milh\u00f5es, reafirmando o compromisso do Estado em combater a pobreza e cuidar de quem mais precisa.<\/p>\n<p>D\u00favidas sobre o programa podem ser esclarecidas pela Ouvidoria Social da SAS, por meio do e-mail ouvidoria@sas.pe.gov.br ou pelo telefone gratuito 0800.081.4421.<br \/>\nSeja seguidor do Instagram @portaledvaldomagalhaes<br \/>\nFoto: Vinicius Lins | SAS<\/p>\n","protected":false},"excerpt":{"rendered":"<p>O Governo de Pernambuco acaba de dar in\u00edcio a um novo ciclo de confirma\u00e7\u00f5es do Programa M\u00e3es de Pernambuco, atrav\u00e9s&hellip;<\/p>\n","protected":false},"author":1,"featured_media":123382,"comment_status":"closed","ping_status":"open","sticky":false,"template":"","format":"standard","meta":{"footnotes":""},"categories":[14120],"tags":[13146,34865,20,34634],"class_list":["post-123381","post","type-post","status-publish","format-standard","has-post-thumbnail","hentry","category-noticias","tag-blog-edvaldo-magalhaes","tag-novo-ciclo-do-maes-de-pernambuco-oferece-2-654-vagas-para-mulheres-em-vulnerabilidade","tag-politica","tag-portal-edvaldo-magalhaes"],"_links":{"self":[{"href":"https:\/\/blogdoedvaldomagalhaes.com.br\/index.php\/wp-json\/wp\/v2\/posts\/123381","targetHints":{"allow":["GET"]}}],"collection":[{"href":"https:\/\/blogdoedvaldomagalhaes.com.br\/index.php\/wp-json\/wp\/v2\/posts"}],"about":[{"href":"https:\/\/blogdoedvaldomagalhaes.com.br\/index.php\/wp-json\/wp\/v2\/types\/post"}],"author":[{"embeddable":true,"href":"https:\/\/blogdoedvaldomagalhaes.com.br\/index.php\/wp-json\/wp\/v2\/users\/1"}],"replies":[{"embeddable":true,"href":"https:\/\/blogdoedvaldomagalhaes.com.br\/index.php\/wp-json\/wp\/v2\/comments?post=123381"}],"version-history":[{"count":2,"href":"https:\/\/blogdoedvaldomagalhaes.com.br\/index.php\/wp-json\/wp\/v2\/posts\/123381\/revisions"}],"predecessor-version":[{"id":123384,"href":"https:\/\/blogdoedvaldomagalhaes.com.br\/index.php\/wp-json\/wp\/v2\/posts\/123381\/revisions\/123384"}],"wp:featuredmedia":[{"embeddable":true,"href":"https:\/\/blogdoedvaldomagalhaes.com.br\/index.php\/wp-json\/wp\/v2\/media\/123382"}],"wp:attachment":[{"href":"https:\/\/blogdoedvaldomagalhaes.com.br\/index.php\/wp-json\/wp\/v2\/media?parent=123381"}],"wp:term":[{"taxonomy":"category","embeddable":true,"href":"https:\/\/blogdoedvaldomagalhaes.com.br\/index.php\/wp-json\/wp\/v2\/categories?post=123381"},{"taxonomy":"post_tag","embeddable":true,"href":"https:\/\/blogdoedvaldomagalhaes.com.br\/index.php\/wp-json\/wp\/v2\/tags?post=123381"}],"curies":[{"name":"wp","href":"https:\/\/api.w.org\/{rel}","templated":true}]}}