{"id":123378,"date":"2025-10-01T22:36:26","date_gmt":"2025-10-02T01:36:26","guid":{"rendered":"https:\/\/blogdoedvaldomagalhaes.com.br\/?p=123378"},"modified":"2025-10-01T22:36:26","modified_gmt":"2025-10-02T01:36:26","slug":"aprovado-pl-do-vereador-joao-neto-que-determina-intervalo-religioso-nas-instituicoes-de-ensino-publico-e-privado-em-caruaru","status":"publish","type":"post","link":"https:\/\/blogdoedvaldomagalhaes.com.br\/index.php\/2025\/10\/01\/aprovado-pl-do-vereador-joao-neto-que-determina-intervalo-religioso-nas-instituicoes-de-ensino-publico-e-privado-em-caruaru\/","title":{"rendered":"Aprovado PL do vereador Jo\u00e3o Neto que determina \u201cIntervalo Religioso\u201d nas institui\u00e7\u00f5es de ensino p\u00fablico e privado em Caruaru"},"content":{"rendered":"<p>O Projeto de Lei tem como objetivo assegurar aos alunos da rede p\u00fablica e privada de ensino de Caruaru o direito de expressar e vivenciar livremente sua f\u00e9 durante o intervalo escolar, fortalecendo os princ\u00edpios constitucionais da liberdade de consci\u00eancia, cren\u00e7a e culto previstos no artigo 5\u00ba, incisos VI e VIII, da Constitui\u00e7\u00e3o Federal. <\/p>\n<p>&#8220;Trata-se de medida que visa garantir a pluralidade religiosa e o respeito \u00e0s diferentes manifesta\u00e7\u00f5es de f\u00e9, sem preju\u00edzo das atividades pedag\u00f3gicas. Ao mesmo tempo, busca-se resguardar a autonomia das institui\u00e7\u00f5es confessionais, ou seja, garantindo que escolas ligadas a determinada f\u00e9 possam manter sua identidade religiosa e n\u00e3o sejam obrigadas a adotar pr\u00e1ticas de outras cren\u00e7as, em conson\u00e2ncia com a Lei de Diretrizes e Bases da Educa\u00e7\u00e3o (Lei n\u00ba 9.394\/1996), que reconhece a identidade pr\u00f3pria dessas escolas. Ao prever a voluntariedade da participa\u00e7\u00e3o e vedar qualquer forma de imposi\u00e7\u00e3o ou constrangimento, o projeto refor\u00e7a o car\u00e1ter democr\u00e1tico da medida, garantindo que a pr\u00e1tica seja fruto de escolha individual dos estudantes. Assim, o \u201cIntervalo Religioso\u201d contribui para a promo\u00e7\u00e3o do respeito m\u00fatuo, da conviv\u00eancia pac\u00edfica e da valoriza\u00e7\u00e3o da diversidade cultural e religiosa, fundamentais para a forma\u00e7\u00e3o cidad\u00e3 dos nossos jovens&#8221;, afirmou o vereador Jo\u00e3o Neto.<br \/>\nSiga o Instagram @portaledvaldomagalhaes<br \/>\nFoto: Vladimir Barreto <\/p>\n","protected":false},"excerpt":{"rendered":"<p>O Projeto de Lei tem como objetivo assegurar aos alunos da rede p\u00fablica e privada de ensino de Caruaru o&hellip;<\/p>\n","protected":false},"author":1,"featured_media":123379,"comment_status":"closed","ping_status":"open","sticky":false,"template":"","format":"standard","meta":{"footnotes":""},"categories":[14122],"tags":[34864,13146,20,34634],"class_list":["post-123378","post","type-post","status-publish","format-standard","has-post-thumbnail","hentry","category-politica","tag-aprovado-pl-do-vereador-joao-neto-que-determina-intervalo-religioso-nas-instituicoes-de-ensino-publico-e-privado-em-caruaru","tag-blog-edvaldo-magalhaes","tag-politica","tag-portal-edvaldo-magalhaes"],"_links":{"self":[{"href":"https:\/\/blogdoedvaldomagalhaes.com.br\/index.php\/wp-json\/wp\/v2\/posts\/123378","targetHints":{"allow":["GET"]}}],"collection":[{"href":"https:\/\/blogdoedvaldomagalhaes.com.br\/index.php\/wp-json\/wp\/v2\/posts"}],"about":[{"href":"https:\/\/blogdoedvaldomagalhaes.com.br\/index.php\/wp-json\/wp\/v2\/types\/post"}],"author":[{"embeddable":true,"href":"https:\/\/blogdoedvaldomagalhaes.com.br\/index.php\/wp-json\/wp\/v2\/users\/1"}],"replies":[{"embeddable":true,"href":"https:\/\/blogdoedvaldomagalhaes.com.br\/index.php\/wp-json\/wp\/v2\/comments?post=123378"}],"version-history":[{"count":1,"href":"https:\/\/blogdoedvaldomagalhaes.com.br\/index.php\/wp-json\/wp\/v2\/posts\/123378\/revisions"}],"predecessor-version":[{"id":123380,"href":"https:\/\/blogdoedvaldomagalhaes.com.br\/index.php\/wp-json\/wp\/v2\/posts\/123378\/revisions\/123380"}],"wp:featuredmedia":[{"embeddable":true,"href":"https:\/\/blogdoedvaldomagalhaes.com.br\/index.php\/wp-json\/wp\/v2\/media\/123379"}],"wp:attachment":[{"href":"https:\/\/blogdoedvaldomagalhaes.com.br\/index.php\/wp-json\/wp\/v2\/media?parent=123378"}],"wp:term":[{"taxonomy":"category","embeddable":true,"href":"https:\/\/blogdoedvaldomagalhaes.com.br\/index.php\/wp-json\/wp\/v2\/categories?post=123378"},{"taxonomy":"post_tag","embeddable":true,"href":"https:\/\/blogdoedvaldomagalhaes.com.br\/index.php\/wp-json\/wp\/v2\/tags?post=123378"}],"curies":[{"name":"wp","href":"https:\/\/api.w.org\/{rel}","templated":true}]}}