{"id":123373,"date":"2025-10-01T21:26:49","date_gmt":"2025-10-02T00:26:49","guid":{"rendered":"https:\/\/blogdoedvaldomagalhaes.com.br\/?p=123373"},"modified":"2025-10-01T21:31:38","modified_gmt":"2025-10-02T00:31:38","slug":"governadora-raquel-lyra-celebra-17o-mes-consecutivo-de-queda-no-numero-de-homicidios-em-pernambuco-durante-aula-que-inaugurou-a-formacao-de-322-novos-bombeiros-militares","status":"publish","type":"post","link":"https:\/\/blogdoedvaldomagalhaes.com.br\/index.php\/2025\/10\/01\/governadora-raquel-lyra-celebra-17o-mes-consecutivo-de-queda-no-numero-de-homicidios-em-pernambuco-durante-aula-que-inaugurou-a-formacao-de-322-novos-bombeiros-militares\/","title":{"rendered":"Governadora Raquel Lyra celebra 17\u00ba m\u00eas consecutivo de queda no n\u00famero de homic\u00eddios em Pernambuco durante aula que inaugurou a forma\u00e7\u00e3o de 322 novos bombeiros militares"},"content":{"rendered":"<p>Com foco no refor\u00e7o da seguran\u00e7a p\u00fablica de Pernambuco, a governadora Raquel Lyra comandou, na tarde desta quarta-feira (1\u00b0), a aula inaugural do curso de forma\u00e7\u00e3o da segunda turma de aprovados no concurso do Corpo de Bombeiros, que conta com 322 homens e mulheres. A solenidade, realizada no Teatro Guararapes, em Olinda, marcou o in\u00edcio da \u00faltima etapa do certame para os aprovados. Desde o in\u00edcio da atual gest\u00e3o estadual, 298 pra\u00e7as j\u00e1 se formaram e mais de 60 cadetes est\u00e3o em forma\u00e7\u00e3o. Na solenidade de hoje, a gestora estadual ainda celebrou os dados divulgados preliminarmente pela Secretaria de Defesa Social (SDS) que apontam setembro de 2025 como o 17\u00b0 m\u00eas consecutivo em que houve redu\u00e7\u00e3o no n\u00famero de homic\u00eddios no Estado. A vice-governadora Priscila Krause tamb\u00e9m participou do evento.<\/p>\n<p>\u201cO Juntos pela Seguran\u00e7a \u00e9 uma pol\u00edtica p\u00fablica que tem garantido a Pernambuco os maiores investimentos em seguran\u00e7a da nossa hist\u00f3ria, e isso tamb\u00e9m passa pelo recompletamento dos nossos quadros. Realizamos o maior concurso da hist\u00f3ria do Estado, que vai colocar at\u00e9 o final do primeiro semestre do ano que vem 7 mil novos policiais nas ruas. Essas a\u00e7\u00f5es t\u00eam garantido resultados concretos, Pernambuco alcan\u00e7ou 17 meses consecutivos de redu\u00e7\u00e3o nos homic\u00eddios. Em setembro, tivemos o segundo melhor m\u00eas da s\u00e9rie hist\u00f3rica e, no recorte espec\u00edfico de mortes violentas intencionais e crimes violentos contra o patrim\u00f4nio, registramos o melhor m\u00eas da hist\u00f3ria\u201d, destacou a governadora Raquel Lyra.<\/p>\n<p>Dados compilados preliminarmente pela Secretaria de Defesa Social (SDS) apontam que, em setembro de 2025, foram registradas 226 Mortes Violentas Intencionais (MVIs) no Estado, 35 casos a menos do que no mesmo m\u00eas de 2024, uma queda de 13,4% apenas neste indicador. Quanto aos Crimes Violentos Contra o Patrim\u00f4nio (CVPs), os resultados s\u00e3o ainda mais expressivos: at\u00e9 o momento, foram contabilizados 2.721 roubos no \u00faltimo m\u00eas, ante 3.524 casos em setembro de 2024, uma redu\u00e7\u00e3o de 23%.<\/p>\n<p>Com 322 alunos, sendo 266 do sexo masculino e 56 do sexo feminino, a turma de futuros bombeiros faz parte de um projeto de restrutura\u00e7\u00e3o das for\u00e7as de seguran\u00e7a de Pernambuco. \u201cO Corpo de Bombeiros \u00e9 uma institui\u00e7\u00e3o muito admirada, a presen\u00e7a dela significa uma vida a salvar, um patrim\u00f4nio a preservar. \u00c9 muito bom saber que daqui a sete meses n\u00f3s teremos mais 322 novos soldados do Corpo de Bombeiros formados com instru\u00e7\u00f5es em todas as \u00e1reas de atua\u00e7\u00e3o\u201d, disse o secret\u00e1rio estadual de Defesa Social, Alessandro Carvalho.<\/p>\n<p>O Curso de Forma\u00e7\u00e3o e Habilita\u00e7\u00e3o de Pra\u00e7as (CFHP) \u00e9 uma etapa obrigat\u00f3ria para ingresso na Corpora\u00e7\u00e3o e contempla 1.248 horas\/aula ao longo de oito meses, com disciplinas voltadas para combate a inc\u00eandio, atendimento pr\u00e9-hospitalar, salvamento aqu\u00e1tico e terrestre, entre outras \u00e1reas de atua\u00e7\u00e3o. O CFHP tem como objetivo preparar os novos soldados para atuar com t\u00e9cnica, disciplina e comprometimento em situa\u00e7\u00f5es de emerg\u00eancia. A prepara\u00e7\u00e3o tamb\u00e9m busca ressaltar os valores essenciais da carreira militar \u2014 hierarquia, disciplina, \u00e9tica e cidadania \u2014 que norteiam a atua\u00e7\u00e3o di\u00e1ria dos bombeiros.<\/p>\n<p>Ap\u00f3s o curso, o efetivo ser\u00e1 designado para os grupamentos da Regi\u00e3o Metropolitana para um est\u00e1gio de viv\u00eancia operacional. \u201cA chegada deste novo grupo representa n\u00e3o apenas um refor\u00e7o para a nossa tropa, mas tamb\u00e9m uma revitaliza\u00e7\u00e3o de nossa atividade, de nossos grupamentos e do desenvolvimento de todas as a\u00e7\u00f5es de salvamento, combate a inc\u00eandios e atendimento pr\u00e9-hospitalar, atividades essas que s\u00e3o realizadas por nossos grupamentos em todo o Estado\u201d, destacou o comandante do Corpo de Bombeiros de Pernambuco, coronel Francisco Cantarelli.<\/p>\n<p>Presente na solenidade e representando os deputados presentes, o deputado estadual Joel da Harpa destacou os investimentos realizados pelo Governo de Pernambuco. \u201cHoje, caminhando para o fim do terceiro ano da gest\u00e3o, vemos os avan\u00e7os nas nossas for\u00e7as de seguran\u00e7a, com investimentos robustos em novos equipamentos\u201d, afirmou.<\/p>\n<p>Para Fernanda Branco, aluna do curso que veio do munic\u00edpio de S\u00e3o Jo\u00e3o, no Agreste pernambucano, o in\u00edcio da forma\u00e7\u00e3o no Corpo de Bombeiros \u00e9 a realiza\u00e7\u00e3o de um sonho. \u201c\u00c9 muito gratificante passar por isso e poder saber que um dia eu vou estar preparada para servir \u00e0 popula\u00e7\u00e3o com muita garra. \u00c9 de fato a realiza\u00e7\u00e3o de um sonho\u201d, afirmou.<\/p>\n<p>Estavam presentes na cerim\u00f4nia os deputados estaduais Ant\u00f4nio Moraes, Jo\u00e3o de Nadegi e Renato Antunes. Tamb\u00e9m participaram os secret\u00e1rios estaduais Carlos Braga (Assist\u00eancia Social, Combate \u00e0 Fome e Pol\u00edticas sobre Drogas), Ana Mara\u00edza (Administra\u00e7\u00e3o), Renato Cirne (Controladoria-Geral do Estado) e coronel Herc\u00edlio Mamede (Chefe da Casa Militar); assim como Renato Rocha, chefe da Pol\u00edcia Civil, e coronel Ivanildo Torres, comandante-geral da Pol\u00edcia Militar. Foto: Jana\u00edna Pepeu\/Secom.<br \/>\nSiga o Instagram @portaledvaldomagalhaes<\/p>\n","protected":false},"excerpt":{"rendered":"<p>Com foco no refor\u00e7o da seguran\u00e7a p\u00fablica de Pernambuco, a governadora Raquel Lyra comandou, na tarde desta quarta-feira (1\u00b0), a&hellip;<\/p>\n","protected":false},"author":1,"featured_media":123375,"comment_status":"closed","ping_status":"open","sticky":false,"template":"","format":"standard","meta":{"footnotes":""},"categories":[14120],"tags":[13146,28127,20,34634],"class_list":["post-123373","post","type-post","status-publish","format-standard","has-post-thumbnail","hentry","category-noticias","tag-blog-edvaldo-magalhaes","tag-governadora-raquel-lyra","tag-politica","tag-portal-edvaldo-magalhaes"],"_links":{"self":[{"href":"https:\/\/blogdoedvaldomagalhaes.com.br\/index.php\/wp-json\/wp\/v2\/posts\/123373","targetHints":{"allow":["GET"]}}],"collection":[{"href":"https:\/\/blogdoedvaldomagalhaes.com.br\/index.php\/wp-json\/wp\/v2\/posts"}],"about":[{"href":"https:\/\/blogdoedvaldomagalhaes.com.br\/index.php\/wp-json\/wp\/v2\/types\/post"}],"author":[{"embeddable":true,"href":"https:\/\/blogdoedvaldomagalhaes.com.br\/index.php\/wp-json\/wp\/v2\/users\/1"}],"replies":[{"embeddable":true,"href":"https:\/\/blogdoedvaldomagalhaes.com.br\/index.php\/wp-json\/wp\/v2\/comments?post=123373"}],"version-history":[{"count":2,"href":"https:\/\/blogdoedvaldomagalhaes.com.br\/index.php\/wp-json\/wp\/v2\/posts\/123373\/revisions"}],"predecessor-version":[{"id":123377,"href":"https:\/\/blogdoedvaldomagalhaes.com.br\/index.php\/wp-json\/wp\/v2\/posts\/123373\/revisions\/123377"}],"wp:featuredmedia":[{"embeddable":true,"href":"https:\/\/blogdoedvaldomagalhaes.com.br\/index.php\/wp-json\/wp\/v2\/media\/123375"}],"wp:attachment":[{"href":"https:\/\/blogdoedvaldomagalhaes.com.br\/index.php\/wp-json\/wp\/v2\/media?parent=123373"}],"wp:term":[{"taxonomy":"category","embeddable":true,"href":"https:\/\/blogdoedvaldomagalhaes.com.br\/index.php\/wp-json\/wp\/v2\/categories?post=123373"},{"taxonomy":"post_tag","embeddable":true,"href":"https:\/\/blogdoedvaldomagalhaes.com.br\/index.php\/wp-json\/wp\/v2\/tags?post=123373"}],"curies":[{"name":"wp","href":"https:\/\/api.w.org\/{rel}","templated":true}]}}