{"id":123370,"date":"2025-10-01T20:10:57","date_gmt":"2025-10-01T23:10:57","guid":{"rendered":"https:\/\/blogdoedvaldomagalhaes.com.br\/?p=123370"},"modified":"2025-10-01T20:10:57","modified_gmt":"2025-10-01T23:10:57","slug":"anderson-luiz-mostra-forca-politica-ao-reunir-maioria-da-camara-de-caruaru-em-apoio-a-sua-pre-candidatura","status":"publish","type":"post","link":"https:\/\/blogdoedvaldomagalhaes.com.br\/index.php\/2025\/10\/01\/anderson-luiz-mostra-forca-politica-ao-reunir-maioria-da-camara-de-caruaru-em-apoio-a-sua-pre-candidatura\/","title":{"rendered":"Anderson Luiz mostra for\u00e7a pol\u00edtica ao reunir maioria da C\u00e2mara de Caruaru em apoio \u00e0 sua pr\u00e9-candidatura"},"content":{"rendered":"<p>O pr\u00e9-candidato a deputado estadual, Anderson Luiz, demonstrou peso pol\u00edtico, nesta ter\u00e7a-feira (1\u00ba), ao reunir a maioria dos vereadores de Caruaru em um almo\u00e7o especial pelo Dia do Vereador. O encontro evidenciou a coes\u00e3o da base em torno de seu nome e fortaleceu a alian\u00e7a com o projeto do prefeito Rodrigo Pinheiro e da governadora Raquel Lyra.<\/p>\n<p>Participaram do ato os vereadores do Podemos, partido presidido por Anderson, Carlinhos da Ceaca, Jorge Quintino, Thiago Macaco e Hugo Leonardo Chaves; pelo PSDB, o presidente da C\u00e2mara, Bruno Lambreta, al\u00e9m de Galego de Lajes e Paulinho T\u00f4rres; do PSD, Raminho Xavier e Jo\u00e3o Neto; e pelo PP, a vereadora Aline Nascimento e o vereador licenciado e atual secret\u00e1rio de Sustentabilidade e Bem-Estar Animal, Renato Lyra.<\/p>\n<p>Em sua fala, Anderson agradeceu a presen\u00e7a dos parlamentares e destacou a import\u00e2ncia da uni\u00e3o entre Legislativo e Executivo: \u201cEsse \u00e9 um momento especial para reconhecer o compromisso de cada vereador com Caruaru. Fico feliz com a confian\u00e7a na minha pr\u00e9-candidatura e com o apoio \u00e0 nossa governadora Raquel Lyra\u201d, afirmou. O pr\u00e9-candidato tamb\u00e9m refor\u00e7ou o papel do prefeito Rodrigo Pinheiro na condu\u00e7\u00e3o do processo pol\u00edtico, garantindo que seguir\u00e1 \u201ctrabalhando com coragem e uni\u00e3o pelo futuro de Caruaru e de Pernambuco\u201d.<\/p>\n<p>Por motivos de sa\u00fade, o vereador Lula T\u00f4rres n\u00e3o p\u00f4de comparecer, enquanto Edmilson do Salgado saiu mais cedo, mas tamb\u00e9m declarou apoio ao projeto de Anderson.<br \/>\nSiga o Instagram @portaledvaldomagalhaes<br \/>\nFoto: Divulga\u00e7\u00e3o <\/p>\n","protected":false},"excerpt":{"rendered":"<p>O pr\u00e9-candidato a deputado estadual, Anderson Luiz, demonstrou peso pol\u00edtico, nesta ter\u00e7a-feira (1\u00ba), ao reunir a maioria dos vereadores de&hellip;<\/p>\n","protected":false},"author":1,"featured_media":123371,"comment_status":"closed","ping_status":"open","sticky":false,"template":"","format":"standard","meta":{"footnotes":""},"categories":[14122],"tags":[34863,13146,34634],"class_list":["post-123370","post","type-post","status-publish","format-standard","has-post-thumbnail","hentry","category-politica","tag-anderson-luiz-mostra-forca-politica-ao-reunir-maioria-da-camara-de-caruaru-em-apoio-a-sua-pre-candidatura","tag-blog-edvaldo-magalhaes","tag-portal-edvaldo-magalhaes"],"_links":{"self":[{"href":"https:\/\/blogdoedvaldomagalhaes.com.br\/index.php\/wp-json\/wp\/v2\/posts\/123370","targetHints":{"allow":["GET"]}}],"collection":[{"href":"https:\/\/blogdoedvaldomagalhaes.com.br\/index.php\/wp-json\/wp\/v2\/posts"}],"about":[{"href":"https:\/\/blogdoedvaldomagalhaes.com.br\/index.php\/wp-json\/wp\/v2\/types\/post"}],"author":[{"embeddable":true,"href":"https:\/\/blogdoedvaldomagalhaes.com.br\/index.php\/wp-json\/wp\/v2\/users\/1"}],"replies":[{"embeddable":true,"href":"https:\/\/blogdoedvaldomagalhaes.com.br\/index.php\/wp-json\/wp\/v2\/comments?post=123370"}],"version-history":[{"count":1,"href":"https:\/\/blogdoedvaldomagalhaes.com.br\/index.php\/wp-json\/wp\/v2\/posts\/123370\/revisions"}],"predecessor-version":[{"id":123372,"href":"https:\/\/blogdoedvaldomagalhaes.com.br\/index.php\/wp-json\/wp\/v2\/posts\/123370\/revisions\/123372"}],"wp:featuredmedia":[{"embeddable":true,"href":"https:\/\/blogdoedvaldomagalhaes.com.br\/index.php\/wp-json\/wp\/v2\/media\/123371"}],"wp:attachment":[{"href":"https:\/\/blogdoedvaldomagalhaes.com.br\/index.php\/wp-json\/wp\/v2\/media?parent=123370"}],"wp:term":[{"taxonomy":"category","embeddable":true,"href":"https:\/\/blogdoedvaldomagalhaes.com.br\/index.php\/wp-json\/wp\/v2\/categories?post=123370"},{"taxonomy":"post_tag","embeddable":true,"href":"https:\/\/blogdoedvaldomagalhaes.com.br\/index.php\/wp-json\/wp\/v2\/tags?post=123370"}],"curies":[{"name":"wp","href":"https:\/\/api.w.org\/{rel}","templated":true}]}}