{"id":123367,"date":"2025-10-01T18:12:21","date_gmt":"2025-10-01T21:12:21","guid":{"rendered":"https:\/\/blogdoedvaldomagalhaes.com.br\/?p=123367"},"modified":"2025-10-01T18:12:21","modified_gmt":"2025-10-01T21:12:21","slug":"caruaru-recebe-cerimonia-huni-kui-da-comitiva-nuku-hui-keneya-em-serra-dos-cavalos","status":"publish","type":"post","link":"https:\/\/blogdoedvaldomagalhaes.com.br\/index.php\/2025\/10\/01\/caruaru-recebe-cerimonia-huni-kui-da-comitiva-nuku-hui-keneya-em-serra-dos-cavalos\/","title":{"rendered":"Caruaru recebe cerim\u00f4nia Huni Ku\u00ee da Comitiva Nuku Hui Keneya em Serra dos Cavalos"},"content":{"rendered":"<p>Caruaru ser\u00e1 o \u00fanico munic\u00edpio de Pernambuco a receber a Comitiva Nuku Hui Keneya, que vem diretamente da Aldeia Flor da Mata, \u00e0s margens do Rio Jord\u00e3o, no Acre. O evento, que ser\u00e1 realizado no dia 11 de outubro, tem car\u00e1ter cultural e religioso e conta com o apoio da Secretaria de Sustentabilidade e Bem-Estar Animal (SSB).<\/p>\n<p>O momento ter\u00e1 palestras e medicinas tradicionais da floresta, como a Jurema Sagrada e a Ayahuasca (Nixi Pae), com a presen\u00e7a dos representantes ind\u00edgenas Txana Bai, Siri Ika e Txana Pae Nawa que conduzir\u00e3o os rituais do povo Huni Ku\u00ee. Al\u00e9m da viv\u00eancia espiritual, o encontro \u00e9 um momento de valoriza\u00e7\u00e3o da cultura ind\u00edgena.<\/p>\n<p>A programa\u00e7\u00e3o ter\u00e1 in\u00edcio \u00e0s 14h, com a palestra sobre a \u201cImport\u00e2ncia da preserva\u00e7\u00e3o da Serra dos Cavalos\u201d, ministrada por Adem\u00e1rio Torres, membro da Associa\u00e7\u00e3o Conhecer e Preservar a Serra dos Cavalos. Em seguida, \u00e0s 16h, acontece a palestra \u201cO que eu vi do outro lado: Li\u00e7\u00f5es para a vida de quem se encontrou na morte\u201d, com Felipe Sales.<\/p>\n<p>A cerim\u00f4nia principal ser\u00e1 realizada \u00e0s 20h e ter\u00e1 pr\u00e1ticas sagradas como Rume Reshke (Rap\u00e9), Sh\u0101tsamati (Sananga) e Bekunite (Defuma\u00e7\u00e3o). Tamb\u00e9m estar\u00e3o dispon\u00edveis de forma opcional o K\u00e1p\u00fb (Kamb\u00f4) e o H\u0101paya (Batismo da Pimenta). <\/p>\n<p>Os interessados em participar das palestras devem levar 1 kg de alimento n\u00e3o perec\u00edvel. J\u00e1, para fazer parte da cerim\u00f4nia principal, que acontece \u00e0 noite, \u00e9 preciso fazer a inscri\u00e7\u00e3o pelo telefone (81) 9.7303-1745.<br \/>\nSiga o Instagram @portaledvaldomagalhaes<br \/>\nFoto: Divulga\u00e7\u00e3o <\/p>\n","protected":false},"excerpt":{"rendered":"<p>Caruaru ser\u00e1 o \u00fanico munic\u00edpio de Pernambuco a receber a Comitiva Nuku Hui Keneya, que vem diretamente da Aldeia Flor&hellip;<\/p>\n","protected":false},"author":1,"featured_media":123368,"comment_status":"closed","ping_status":"open","sticky":false,"template":"","format":"standard","meta":{"footnotes":""},"categories":[14120],"tags":[13146,34862,34634],"class_list":["post-123367","post","type-post","status-publish","format-standard","has-post-thumbnail","hentry","category-noticias","tag-blog-edvaldo-magalhaes","tag-caruaru-recebe-cerimonia-huni-kui-da-comitiva-nuku-hui-keneya-em-serra-dos-cavalos","tag-portal-edvaldo-magalhaes"],"_links":{"self":[{"href":"https:\/\/blogdoedvaldomagalhaes.com.br\/index.php\/wp-json\/wp\/v2\/posts\/123367","targetHints":{"allow":["GET"]}}],"collection":[{"href":"https:\/\/blogdoedvaldomagalhaes.com.br\/index.php\/wp-json\/wp\/v2\/posts"}],"about":[{"href":"https:\/\/blogdoedvaldomagalhaes.com.br\/index.php\/wp-json\/wp\/v2\/types\/post"}],"author":[{"embeddable":true,"href":"https:\/\/blogdoedvaldomagalhaes.com.br\/index.php\/wp-json\/wp\/v2\/users\/1"}],"replies":[{"embeddable":true,"href":"https:\/\/blogdoedvaldomagalhaes.com.br\/index.php\/wp-json\/wp\/v2\/comments?post=123367"}],"version-history":[{"count":1,"href":"https:\/\/blogdoedvaldomagalhaes.com.br\/index.php\/wp-json\/wp\/v2\/posts\/123367\/revisions"}],"predecessor-version":[{"id":123369,"href":"https:\/\/blogdoedvaldomagalhaes.com.br\/index.php\/wp-json\/wp\/v2\/posts\/123367\/revisions\/123369"}],"wp:featuredmedia":[{"embeddable":true,"href":"https:\/\/blogdoedvaldomagalhaes.com.br\/index.php\/wp-json\/wp\/v2\/media\/123368"}],"wp:attachment":[{"href":"https:\/\/blogdoedvaldomagalhaes.com.br\/index.php\/wp-json\/wp\/v2\/media?parent=123367"}],"wp:term":[{"taxonomy":"category","embeddable":true,"href":"https:\/\/blogdoedvaldomagalhaes.com.br\/index.php\/wp-json\/wp\/v2\/categories?post=123367"},{"taxonomy":"post_tag","embeddable":true,"href":"https:\/\/blogdoedvaldomagalhaes.com.br\/index.php\/wp-json\/wp\/v2\/tags?post=123367"}],"curies":[{"name":"wp","href":"https:\/\/api.w.org\/{rel}","templated":true}]}}