{"id":123364,"date":"2025-10-01T17:57:28","date_gmt":"2025-10-01T20:57:28","guid":{"rendered":"https:\/\/blogdoedvaldomagalhaes.com.br\/?p=123364"},"modified":"2025-10-01T17:57:28","modified_gmt":"2025-10-01T20:57:28","slug":"procon-caruaru-reforca-direitos-da-pessoa-idosa-alerta-sobre-abusos-financeiros-e-de-consumo","status":"publish","type":"post","link":"https:\/\/blogdoedvaldomagalhaes.com.br\/index.php\/2025\/10\/01\/procon-caruaru-reforca-direitos-da-pessoa-idosa-alerta-sobre-abusos-financeiros-e-de-consumo\/","title":{"rendered":"Procon Caruaru refor\u00e7a direitos da pessoa idosa, alerta sobre abusos financeiros e de consumo"},"content":{"rendered":"<p>Nesta quarta-feira (1\u00ba), Dia Nacional da Pessoa Idosa, o Procon Caruaru chama aten\u00e7\u00e3o para os cuidados que esse p\u00fablico deve ter diante de pr\u00e1ticas abusivas no mercado de consumo. Entre as situa\u00e7\u00f5es mais registradas, est\u00e3o empr\u00e9stimos consignados n\u00e3o solicitados, descontos indevidos em benef\u00edcios previdenci\u00e1rios, cobran\u00e7as abusivas e ass\u00e9dio de institui\u00e7\u00f5es financeiras.<\/p>\n<p>\u201cComo \u00f3rg\u00e3o de prote\u00e7\u00e3o ao consumidor, buscamos orientar o idoso, enquanto sujeito de direitos e vulner\u00e1vel por sua condi\u00e7\u00e3o, conforme previsto no Estatuto do Idoso. O C\u00f3digo de Defesa do Consumidor refor\u00e7a essa vulnerabilidade e evidencia a import\u00e2ncia da informa\u00e7\u00e3o, da educa\u00e7\u00e3o para o consumo consciente e da orienta\u00e7\u00e3o sobre os direitos\u201d, destacou a gerente geral do Procon, Cynthia Nunes.<\/p>\n<p>Refor\u00e7ando a atua\u00e7\u00e3o do Procon na prote\u00e7\u00e3o e orienta\u00e7\u00e3o ao consumidor idoso, Cynthia Nunes completou que \u201cnosso objetivo \u00e9 garantir que o idoso, enquanto sujeito ativo de direitos, possa exercer sua cidadania, buscar prote\u00e7\u00e3o e exigir o que o C\u00f3digo de Defesa do Consumidor determina, contando com uma ampla rede de prote\u00e7\u00e3o aos seus direitos como consumidor\u201d.<\/p>\n<p>O \u00f3rg\u00e3o refor\u00e7a que idosos podem procurar atendimento sempre que identificarem irregularidades em servi\u00e7os contratados, descontos n\u00e3o autorizados ou dificuldades para cancelar cobran\u00e7as.<\/p>\n<p>O Procon Caruaru oferece atendimento presencial mediante agendamento, de segunda a sexta-feira, das 8h \u00e0s 14h, na Rua Silvino Macedo, n\u00ba 71, bairro Maur\u00edcio de Nassau (mesma cal\u00e7ada dos Correios). Tamb\u00e9m \u00e9 poss\u00edvel registrar demandas pelos canais digitais:<br \/>\nPlataforma Caruaru Digital: https:\/\/caruaru.1doc.com.br\/b.php?pg=o\/wp&#038;s=caruaru<br \/>\nTelefone: (81) 3101-0087<br \/>\nWhatsApp: (81) 98384-5909<br \/>\nSiga o Instagram @portaledvaldomagalhaes<br \/>\nFoto: Divulga\u00e7\u00e3o <\/p>\n","protected":false},"excerpt":{"rendered":"<p>Nesta quarta-feira (1\u00ba), Dia Nacional da Pessoa Idosa, o Procon Caruaru chama aten\u00e7\u00e3o para os cuidados que esse p\u00fablico deve&hellip;<\/p>\n","protected":false},"author":1,"featured_media":123365,"comment_status":"closed","ping_status":"open","sticky":false,"template":"","format":"standard","meta":{"footnotes":""},"categories":[14120],"tags":[13146,34634,34861],"class_list":["post-123364","post","type-post","status-publish","format-standard","has-post-thumbnail","hentry","category-noticias","tag-blog-edvaldo-magalhaes","tag-portal-edvaldo-magalhaes","tag-procon-caruaru-reforca-direitos-da-pessoa-idosa-alerta-sobre-abusos-financeiros-e-de-consumo"],"_links":{"self":[{"href":"https:\/\/blogdoedvaldomagalhaes.com.br\/index.php\/wp-json\/wp\/v2\/posts\/123364","targetHints":{"allow":["GET"]}}],"collection":[{"href":"https:\/\/blogdoedvaldomagalhaes.com.br\/index.php\/wp-json\/wp\/v2\/posts"}],"about":[{"href":"https:\/\/blogdoedvaldomagalhaes.com.br\/index.php\/wp-json\/wp\/v2\/types\/post"}],"author":[{"embeddable":true,"href":"https:\/\/blogdoedvaldomagalhaes.com.br\/index.php\/wp-json\/wp\/v2\/users\/1"}],"replies":[{"embeddable":true,"href":"https:\/\/blogdoedvaldomagalhaes.com.br\/index.php\/wp-json\/wp\/v2\/comments?post=123364"}],"version-history":[{"count":1,"href":"https:\/\/blogdoedvaldomagalhaes.com.br\/index.php\/wp-json\/wp\/v2\/posts\/123364\/revisions"}],"predecessor-version":[{"id":123366,"href":"https:\/\/blogdoedvaldomagalhaes.com.br\/index.php\/wp-json\/wp\/v2\/posts\/123364\/revisions\/123366"}],"wp:featuredmedia":[{"embeddable":true,"href":"https:\/\/blogdoedvaldomagalhaes.com.br\/index.php\/wp-json\/wp\/v2\/media\/123365"}],"wp:attachment":[{"href":"https:\/\/blogdoedvaldomagalhaes.com.br\/index.php\/wp-json\/wp\/v2\/media?parent=123364"}],"wp:term":[{"taxonomy":"category","embeddable":true,"href":"https:\/\/blogdoedvaldomagalhaes.com.br\/index.php\/wp-json\/wp\/v2\/categories?post=123364"},{"taxonomy":"post_tag","embeddable":true,"href":"https:\/\/blogdoedvaldomagalhaes.com.br\/index.php\/wp-json\/wp\/v2\/tags?post=123364"}],"curies":[{"name":"wp","href":"https:\/\/api.w.org\/{rel}","templated":true}]}}