{"id":123361,"date":"2025-10-01T17:47:33","date_gmt":"2025-10-01T20:47:33","guid":{"rendered":"https:\/\/blogdoedvaldomagalhaes.com.br\/?p=123361"},"modified":"2025-10-01T17:47:33","modified_gmt":"2025-10-01T20:47:33","slug":"caruaru-e-ouro-preto-firmam-parceria-inedita-para-fortalecer-intercambio-cultural","status":"publish","type":"post","link":"https:\/\/blogdoedvaldomagalhaes.com.br\/index.php\/2025\/10\/01\/caruaru-e-ouro-preto-firmam-parceria-inedita-para-fortalecer-intercambio-cultural\/","title":{"rendered":"Caruaru e Ouro Preto firmam parceria in\u00e9dita para fortalecer interc\u00e2mbio cultural"},"content":{"rendered":"<p>A Funda\u00e7\u00e3o de Cultura de Caruaru assinou, nesta semana, um protocolo de inten\u00e7\u00f5es com a Funda\u00e7\u00e3o de Arte de Ouro Preto (FAOP) com o objetivo de ampliar o interc\u00e2mbio cultural entre as duas cidades. A iniciativa prev\u00ea a realiza\u00e7\u00e3o de resid\u00eancias art\u00edsticas, exposi\u00e7\u00f5es, apresenta\u00e7\u00f5es musicais e outras a\u00e7\u00f5es voltadas ao fortalecimento da diversidade cultural entre a Capital do Agreste e a cidade mineira.<\/p>\n<p>A proposta inclui a participa\u00e7\u00e3o de bandas de p\u00edfano e trios de forr\u00f3 p\u00e9-de-serra de Caruaru na programa\u00e7\u00e3o das \u201cSextas Abertas\u201d, realizadas pela FAOP, al\u00e9m da presen\u00e7a de artistas visuais do Alto do Moura em exposi\u00e7\u00f5es na Galeria Nello Nuno, em Ouro Preto. O acordo tamb\u00e9m abre espa\u00e7o para que artistas mineiros tragam suas obras e experi\u00eancias a Caruaru, por meio de debates, oficinas e atividades educativas em equipamentos culturais da cidade.<\/p>\n<p>Durante a visita, representantes da FAOP participaram de reuni\u00e3o na sede da Funda\u00e7\u00e3o de Cultura e conheceram pontos tur\u00edsticos de Caruaru, como o Alto do Moura, a Esta\u00e7\u00e3o Ferrovi\u00e1ria e o centro da cidade, al\u00e9m de detalhes sobre a organiza\u00e7\u00e3o de grandes eventos como o S\u00e3o Jo\u00e3o, o Motofest e o Pr\u00e9-Carnaval Multicultural. <\/p>\n<p>O presidente da Funda\u00e7\u00e3o de Cultura, H\u00e9rlon Cavalcanti, destacou a import\u00e2ncia da parceria. &#8220;Essa parceria amplia os horizontes da nossa cultura e abre espa\u00e7o para que o mundo conhe\u00e7a ainda mais a for\u00e7a do forr\u00f3, da arte do barro e das tradi\u00e7\u00f5es do Alto do Moura. Eles ficaram impressionados com a forma como Caruaru preserva e valoriza seus patrim\u00f4nios, desde os museus at\u00e9 o Alto do Moura, o que refor\u00e7a que estamos no caminho certo&#8221;, comemorou.<br \/>\nSeja seguidor do Instagram @portaledvaldomagalhaes<br \/>\nFoto: Jorge Farias\/Secom\/PMC<\/p>\n","protected":false},"excerpt":{"rendered":"<p>A Funda\u00e7\u00e3o de Cultura de Caruaru assinou, nesta semana, um protocolo de inten\u00e7\u00f5es com a Funda\u00e7\u00e3o de Arte de Ouro&hellip;<\/p>\n","protected":false},"author":1,"featured_media":123362,"comment_status":"closed","ping_status":"open","sticky":false,"template":"","format":"standard","meta":{"footnotes":""},"categories":[14120],"tags":[13146,34860,34634],"class_list":["post-123361","post","type-post","status-publish","format-standard","has-post-thumbnail","hentry","category-noticias","tag-blog-edvaldo-magalhaes","tag-caruaru-e-ouro-preto-firmam-parceria-inedita-para-fortalecer-intercambio-cultural","tag-portal-edvaldo-magalhaes"],"_links":{"self":[{"href":"https:\/\/blogdoedvaldomagalhaes.com.br\/index.php\/wp-json\/wp\/v2\/posts\/123361","targetHints":{"allow":["GET"]}}],"collection":[{"href":"https:\/\/blogdoedvaldomagalhaes.com.br\/index.php\/wp-json\/wp\/v2\/posts"}],"about":[{"href":"https:\/\/blogdoedvaldomagalhaes.com.br\/index.php\/wp-json\/wp\/v2\/types\/post"}],"author":[{"embeddable":true,"href":"https:\/\/blogdoedvaldomagalhaes.com.br\/index.php\/wp-json\/wp\/v2\/users\/1"}],"replies":[{"embeddable":true,"href":"https:\/\/blogdoedvaldomagalhaes.com.br\/index.php\/wp-json\/wp\/v2\/comments?post=123361"}],"version-history":[{"count":1,"href":"https:\/\/blogdoedvaldomagalhaes.com.br\/index.php\/wp-json\/wp\/v2\/posts\/123361\/revisions"}],"predecessor-version":[{"id":123363,"href":"https:\/\/blogdoedvaldomagalhaes.com.br\/index.php\/wp-json\/wp\/v2\/posts\/123361\/revisions\/123363"}],"wp:featuredmedia":[{"embeddable":true,"href":"https:\/\/blogdoedvaldomagalhaes.com.br\/index.php\/wp-json\/wp\/v2\/media\/123362"}],"wp:attachment":[{"href":"https:\/\/blogdoedvaldomagalhaes.com.br\/index.php\/wp-json\/wp\/v2\/media?parent=123361"}],"wp:term":[{"taxonomy":"category","embeddable":true,"href":"https:\/\/blogdoedvaldomagalhaes.com.br\/index.php\/wp-json\/wp\/v2\/categories?post=123361"},{"taxonomy":"post_tag","embeddable":true,"href":"https:\/\/blogdoedvaldomagalhaes.com.br\/index.php\/wp-json\/wp\/v2\/tags?post=123361"}],"curies":[{"name":"wp","href":"https:\/\/api.w.org\/{rel}","templated":true}]}}