{"id":123216,"date":"2025-09-26T18:59:47","date_gmt":"2025-09-26T21:59:47","guid":{"rendered":"https:\/\/blogdoedvaldomagalhaes.com.br\/?p=123216"},"modified":"2025-09-26T19:09:19","modified_gmt":"2025-09-26T22:09:19","slug":"pf-deflagra-duas-operacoes-contra-crimes-de-abuso-sexual-infantil-em-pernambuco","status":"publish","type":"post","link":"https:\/\/blogdoedvaldomagalhaes.com.br\/index.php\/2025\/09\/26\/pf-deflagra-duas-operacoes-contra-crimes-de-abuso-sexual-infantil-em-pernambuco\/","title":{"rendered":"PF deflagra duas opera\u00e7\u00f5es contra crimes de abuso sexual infantil em Pernambuco"},"content":{"rendered":"<p>A Pol\u00edcia Federal, atrav\u00e9s da DELECIBER\/PE \u2013 Delegacia de Repress\u00e3o a Crimes Cibern\u00e9ticos da Superintend\u00eancia Regional da PF em Pernambuco, deflagrou, na manh\u00e3 desta sexta-feira (25\/09\/2025), duas opera\u00e7\u00f5es com o objetivo de combater a pr\u00e1tica dos crimes de armazenamento, compartilhamento e exposi\u00e7\u00e3o \u00e0 venda de arquivos contendo cenas de abuso sexual infantil. As investiga\u00e7\u00f5es se referem a dois inqu\u00e9ritos policiais diferentes, que tiveram in\u00edcio em 2024. Foram cumpridos 02 (dois) mandados de busca e apreens\u00e3o nos munic\u00edpios de Recife e de Timba\u00faba. O objetivo \u00e9 realizar a apreens\u00e3o de computadores, notebooks, celulares e m\u00eddias com potencial de armazenamento de imagens e v\u00eddeos contendo cenas de abuso sexual de menores.<\/span><\/p>\n<p>A depender dos resultados das dilig\u00eancias e dos exames periciais nos materiais apreendidos, os investigados responder\u00e3o pela pr\u00e1tica dos crimes de armazenamento, compartilhamento e exposi\u00e7\u00e3o \u00e0 venda de conte\u00fado envolvendo abuso sexual infantil. Somadas, as penas podem chegar a 18 anos de reclus\u00e3o. Todo o material apreendido em cumprimento aos dois mandados de busca e apreens\u00e3o ser\u00e1 submetido a exame pericial com vistas a encontrar evid\u00eancias dos crimes relacionados ao abuso sexual infantil por meio da internet.<\/p>\n<p>&#8220;Embora o termo &#8220;pornografia&#8221; ainda seja utilizado em nossa legisla\u00e7\u00e3o (art. 241-E da Lei n\u00ba 8.069, de 1990 &#8211; Estatuto da Crian\u00e7a e do Adolescente) para definir &#8220;qualquer situa\u00e7\u00e3o que envolva crian\u00e7a ou adolescente em atividades sexuais expl\u00edcitas, reais ou simuladas, ou exibi\u00e7\u00e3o dos \u00f3rg\u00e3os genitais de uma crian\u00e7a ou adolescente para fins primordialmente sexuais&#8221;, a comunidade internacional entende que o melhor nessas situa\u00e7\u00f5es \u00e9 referir-se a crimes de &#8220;abuso sexual de crian\u00e7as e adolescentes&#8221; ou mesmo &#8220;viol\u00eancia sexual de crian\u00e7as e adolescentes&#8221;, pois a nomenclatura ajuda a dar dimens\u00e3o da viol\u00eancia infligida nas v\u00edtimas desses crimes t\u00e3o devastadores.<br \/>\nSiga o Instagram @portaledvaldomagalhaes.<br \/>\nFoto: Divulga\u00e7\u00e3o\/PF<\/p>\n","protected":false},"excerpt":{"rendered":"<p>A Pol\u00edcia Federal, atrav\u00e9s da DELECIBER\/PE \u2013 Delegacia de Repress\u00e3o a Crimes Cibern\u00e9ticos da Superintend\u00eancia Regional da PF em Pernambuco,&hellip;<\/p>\n","protected":false},"author":1,"featured_media":123218,"comment_status":"closed","ping_status":"open","sticky":false,"template":"","format":"standard","meta":{"footnotes":""},"categories":[14121],"tags":[13146,34776,34634],"class_list":["post-123216","post","type-post","status-publish","format-standard","has-post-thumbnail","hentry","category-policial","tag-blog-edvaldo-magalhaes","tag-pf-deflagra-duas-operacoes-contra-crimes-de-abuso-sexual-infantil-em-pernambuco","tag-portal-edvaldo-magalhaes"],"_links":{"self":[{"href":"https:\/\/blogdoedvaldomagalhaes.com.br\/index.php\/wp-json\/wp\/v2\/posts\/123216","targetHints":{"allow":["GET"]}}],"collection":[{"href":"https:\/\/blogdoedvaldomagalhaes.com.br\/index.php\/wp-json\/wp\/v2\/posts"}],"about":[{"href":"https:\/\/blogdoedvaldomagalhaes.com.br\/index.php\/wp-json\/wp\/v2\/types\/post"}],"author":[{"embeddable":true,"href":"https:\/\/blogdoedvaldomagalhaes.com.br\/index.php\/wp-json\/wp\/v2\/users\/1"}],"replies":[{"embeddable":true,"href":"https:\/\/blogdoedvaldomagalhaes.com.br\/index.php\/wp-json\/wp\/v2\/comments?post=123216"}],"version-history":[{"count":2,"href":"https:\/\/blogdoedvaldomagalhaes.com.br\/index.php\/wp-json\/wp\/v2\/posts\/123216\/revisions"}],"predecessor-version":[{"id":123219,"href":"https:\/\/blogdoedvaldomagalhaes.com.br\/index.php\/wp-json\/wp\/v2\/posts\/123216\/revisions\/123219"}],"wp:featuredmedia":[{"embeddable":true,"href":"https:\/\/blogdoedvaldomagalhaes.com.br\/index.php\/wp-json\/wp\/v2\/media\/123218"}],"wp:attachment":[{"href":"https:\/\/blogdoedvaldomagalhaes.com.br\/index.php\/wp-json\/wp\/v2\/media?parent=123216"}],"wp:term":[{"taxonomy":"category","embeddable":true,"href":"https:\/\/blogdoedvaldomagalhaes.com.br\/index.php\/wp-json\/wp\/v2\/categories?post=123216"},{"taxonomy":"post_tag","embeddable":true,"href":"https:\/\/blogdoedvaldomagalhaes.com.br\/index.php\/wp-json\/wp\/v2\/tags?post=123216"}],"curies":[{"name":"wp","href":"https:\/\/api.w.org\/{rel}","templated":true}]}}