{"id":123213,"date":"2025-09-26T14:08:31","date_gmt":"2025-09-26T17:08:31","guid":{"rendered":"https:\/\/blogdoedvaldomagalhaes.com.br\/?p=123213"},"modified":"2025-09-26T14:08:31","modified_gmt":"2025-09-26T17:08:31","slug":"janja-vira-a-caruaru-para-encontro-com-mulheres-evangelicas","status":"publish","type":"post","link":"https:\/\/blogdoedvaldomagalhaes.com.br\/index.php\/2025\/09\/26\/janja-vira-a-caruaru-para-encontro-com-mulheres-evangelicas\/","title":{"rendered":"Janja vir\u00e1 a Caruaru para encontro com mulheres evang\u00e9licas"},"content":{"rendered":"<p>A primeira-dama do Brasil, Ros\u00e2ngela da Silva, conhecida como Janja, estar\u00e1 em Caruaru nesta ter\u00e7a-feira (30.09). Ela vai se reunir com mulheres evang\u00e9licas e participar\u00e1 de um culto em uma igreja da cidade. <\/p>\n<p>A programa\u00e7\u00e3o est\u00e1 sendo organizada por Thania Queiroz, esposa do ministro da Previd\u00eancia Social, Wolney Queiroz (PDT). O casal se organiza para receber Janja em sua resid\u00eancia, \u00e0 noite, junto a outras mulheres caruaruenses. <\/p>\n<p>A primeira-dama tamb\u00e9m marcar\u00e1 presen\u00e7a na Reuni\u00e3o da COP 30, Confer\u00eancia da ONU sobre mudan\u00e7as clim\u00e1ticas que acontece entre os dias 10 e 21 de novembro, em Bel\u00e9m.<br \/>\nSeja seguidor do Instagram @portaledvaldomagalhaes<br \/>\nFoto: Divulga\u00e7\u00e3o <\/p>\n","protected":false},"excerpt":{"rendered":"<p>A primeira-dama do Brasil, Ros\u00e2ngela da Silva, conhecida como Janja, estar\u00e1 em Caruaru nesta ter\u00e7a-feira (30.09). Ela vai se reunir&hellip;<\/p>\n","protected":false},"author":1,"featured_media":123214,"comment_status":"closed","ping_status":"open","sticky":false,"template":"","format":"standard","meta":{"footnotes":""},"categories":[14120],"tags":[13146,34775,34634],"class_list":["post-123213","post","type-post","status-publish","format-standard","has-post-thumbnail","hentry","category-noticias","tag-blog-edvaldo-magalhaes","tag-janja-vira-a-caruaru-para-encontro-com-mulheres-evangelicas","tag-portal-edvaldo-magalhaes"],"_links":{"self":[{"href":"https:\/\/blogdoedvaldomagalhaes.com.br\/index.php\/wp-json\/wp\/v2\/posts\/123213","targetHints":{"allow":["GET"]}}],"collection":[{"href":"https:\/\/blogdoedvaldomagalhaes.com.br\/index.php\/wp-json\/wp\/v2\/posts"}],"about":[{"href":"https:\/\/blogdoedvaldomagalhaes.com.br\/index.php\/wp-json\/wp\/v2\/types\/post"}],"author":[{"embeddable":true,"href":"https:\/\/blogdoedvaldomagalhaes.com.br\/index.php\/wp-json\/wp\/v2\/users\/1"}],"replies":[{"embeddable":true,"href":"https:\/\/blogdoedvaldomagalhaes.com.br\/index.php\/wp-json\/wp\/v2\/comments?post=123213"}],"version-history":[{"count":1,"href":"https:\/\/blogdoedvaldomagalhaes.com.br\/index.php\/wp-json\/wp\/v2\/posts\/123213\/revisions"}],"predecessor-version":[{"id":123215,"href":"https:\/\/blogdoedvaldomagalhaes.com.br\/index.php\/wp-json\/wp\/v2\/posts\/123213\/revisions\/123215"}],"wp:featuredmedia":[{"embeddable":true,"href":"https:\/\/blogdoedvaldomagalhaes.com.br\/index.php\/wp-json\/wp\/v2\/media\/123214"}],"wp:attachment":[{"href":"https:\/\/blogdoedvaldomagalhaes.com.br\/index.php\/wp-json\/wp\/v2\/media?parent=123213"}],"wp:term":[{"taxonomy":"category","embeddable":true,"href":"https:\/\/blogdoedvaldomagalhaes.com.br\/index.php\/wp-json\/wp\/v2\/categories?post=123213"},{"taxonomy":"post_tag","embeddable":true,"href":"https:\/\/blogdoedvaldomagalhaes.com.br\/index.php\/wp-json\/wp\/v2\/tags?post=123213"}],"curies":[{"name":"wp","href":"https:\/\/api.w.org\/{rel}","templated":true}]}}