{"id":123208,"date":"2025-09-26T11:25:48","date_gmt":"2025-09-26T14:25:48","guid":{"rendered":"https:\/\/blogdoedvaldomagalhaes.com.br\/?p=123208"},"modified":"2025-09-26T11:25:48","modified_gmt":"2025-09-26T14:25:48","slug":"secretaria-de-educacao-de-caruaru-elabora-cardapio-escolar-para-2026","status":"publish","type":"post","link":"https:\/\/blogdoedvaldomagalhaes.com.br\/index.php\/2025\/09\/26\/secretaria-de-educacao-de-caruaru-elabora-cardapio-escolar-para-2026\/","title":{"rendered":"Secretaria de Educa\u00e7\u00e3o de Caruaru elabora card\u00e1pio escolar para 2026"},"content":{"rendered":"<p>Ap\u00f3s realizar escutas ativas nas Escolas em Tempo Integral (ETI), com o quadro de alunos, a Secretaria de Educa\u00e7\u00e3o e Esportes deu in\u00edcio \u00e0 constru\u00e7\u00e3o do card\u00e1pio escolar 2026.<\/p>\n<p>Com uma equipe de gest\u00e3o nutricional, o card\u00e1pio para o ano letivo seguinte foi elaborado dentro das normas nutricionais exigidas para um ambiente escolar, bem como as sugest\u00f5es colhidas pelos estudantes da rede.<\/p>\n<p>De acordo com a gerente de Alimenta\u00e7\u00e3o Escolar do munic\u00edpio, a diversifica\u00e7\u00e3o nos tipos de alimentos vem mesclando o que \u00e9 indicado e permitido dentro do ambiente escolar com o que os alunos gostariam de ter. &#8220;Fizemos um card\u00e1pio bem colorido, com muitos alimentos ricos em vitaminas e que v\u00e3o fortalecer ainda mais a todos os estudantes da nossa rede&#8221;,  afirmou Larissa Nascimento.<\/p>\n<p>A Rede Municipal de Ensino destina cerca de 128 mil refei\u00e7\u00f5es por dia.<br \/>\nSeja seguidor do Instagram @portaledvaldomagalhaes<br \/>\nFoto: Divulga\u00e7\u00e3o <\/p>\n","protected":false},"excerpt":{"rendered":"<p>Ap\u00f3s realizar escutas ativas nas Escolas em Tempo Integral (ETI), com o quadro de alunos, a Secretaria de Educa\u00e7\u00e3o e&hellip;<\/p>\n","protected":false},"author":1,"featured_media":123209,"comment_status":"closed","ping_status":"open","sticky":false,"template":"","format":"standard","meta":{"footnotes":""},"categories":[14120],"tags":[13146,34634,34774],"class_list":["post-123208","post","type-post","status-publish","format-standard","has-post-thumbnail","hentry","category-noticias","tag-blog-edvaldo-magalhaes","tag-portal-edvaldo-magalhaes","tag-secretaria-de-educacao-de-caruaru-elabora-cardapio-escolar-para-2026"],"_links":{"self":[{"href":"https:\/\/blogdoedvaldomagalhaes.com.br\/index.php\/wp-json\/wp\/v2\/posts\/123208","targetHints":{"allow":["GET"]}}],"collection":[{"href":"https:\/\/blogdoedvaldomagalhaes.com.br\/index.php\/wp-json\/wp\/v2\/posts"}],"about":[{"href":"https:\/\/blogdoedvaldomagalhaes.com.br\/index.php\/wp-json\/wp\/v2\/types\/post"}],"author":[{"embeddable":true,"href":"https:\/\/blogdoedvaldomagalhaes.com.br\/index.php\/wp-json\/wp\/v2\/users\/1"}],"replies":[{"embeddable":true,"href":"https:\/\/blogdoedvaldomagalhaes.com.br\/index.php\/wp-json\/wp\/v2\/comments?post=123208"}],"version-history":[{"count":1,"href":"https:\/\/blogdoedvaldomagalhaes.com.br\/index.php\/wp-json\/wp\/v2\/posts\/123208\/revisions"}],"predecessor-version":[{"id":123210,"href":"https:\/\/blogdoedvaldomagalhaes.com.br\/index.php\/wp-json\/wp\/v2\/posts\/123208\/revisions\/123210"}],"wp:featuredmedia":[{"embeddable":true,"href":"https:\/\/blogdoedvaldomagalhaes.com.br\/index.php\/wp-json\/wp\/v2\/media\/123209"}],"wp:attachment":[{"href":"https:\/\/blogdoedvaldomagalhaes.com.br\/index.php\/wp-json\/wp\/v2\/media?parent=123208"}],"wp:term":[{"taxonomy":"category","embeddable":true,"href":"https:\/\/blogdoedvaldomagalhaes.com.br\/index.php\/wp-json\/wp\/v2\/categories?post=123208"},{"taxonomy":"post_tag","embeddable":true,"href":"https:\/\/blogdoedvaldomagalhaes.com.br\/index.php\/wp-json\/wp\/v2\/tags?post=123208"}],"curies":[{"name":"wp","href":"https:\/\/api.w.org\/{rel}","templated":true}]}}