{"id":123205,"date":"2025-09-26T11:17:09","date_gmt":"2025-09-26T14:17:09","guid":{"rendered":"https:\/\/blogdoedvaldomagalhaes.com.br\/?p=123205"},"modified":"2025-09-26T11:19:59","modified_gmt":"2025-09-26T14:19:59","slug":"pm-prende-autores-de-homicidio-e-lider-do-grupo-ofereceu-r-20-mil-para-ser-liberado","status":"publish","type":"post","link":"https:\/\/blogdoedvaldomagalhaes.com.br\/index.php\/2025\/09\/26\/pm-prende-autores-de-homicidio-e-lider-do-grupo-ofereceu-r-20-mil-para-ser-liberado\/","title":{"rendered":"PM prende autores de homic\u00eddio e l\u00edder do grupo ofereceu R$ 20 mil para ser liberado"},"content":{"rendered":"<p>Policiais militares do 26\u00ba BPM prenderam, na noite de quinta-feira (25\/09), tr\u00eas homens que, minutos antes, cometeram um homic\u00eddio no bairro do Bambu, nas proximidades da Rua Manacial, em Igarassu. O efetivo foi avisado do crime e de imediato deu in\u00edcio a buscas pelos suspeitos.<\/p>\n<p>Durante a movimenta\u00e7\u00e3o, se deparou com um sinistro de tr\u00e2nsito envolvendo um HB-20 e um \u00f4nibus. Os policiais foram informados que os tr\u00eas ocupantes do carro desembarcaram armados e fugiram a p\u00e9, na dire\u00e7\u00e3o de um matagal.<\/p>\n<p>Foram realizadas dilig\u00eancias e um trio com as caracter\u00edsticas repassadas por populares foi identificado na Rua Minas Gerais. Ao serem abordados, dois deles portavam armas e acabaram admitindo ter cometido o homic\u00eddio.<\/p>\n<p>O l\u00edder do grupo afirmou ser traficante e que a v\u00edtima havia assassinado seu irm\u00e3o um dia antes, motivando a vingan\u00e7a. Ele ainda ofereceu R$ 20 mil aos policiais para serem liberados, proposta de imediato recusada.<\/p>\n<p>Com eles foram apreendidos dois rev\u00f3lveres e nove muni\u00e7\u00f5es calibre .38 e dois celulares. O carro usado por eles era roubado. Ap\u00f3s passarem pela UPA de Cruz de Rebou\u00e7as, os envolvidos foram encaminhados para o DHPP, onde foi formalizada a pris\u00e3o por homic\u00eddio,  porte ilegal de arma e corrup\u00e7\u00e3o ativa.<br \/>\nSeja seguidor do Instagram @portaledvaldomagalhaes<br \/>\nFoto: Divulga\u00e7\u00e3o\/PMPE <\/p>\n","protected":false},"excerpt":{"rendered":"<p>Policiais militares do 26\u00ba BPM prenderam, na noite de quinta-feira (25\/09), tr\u00eas homens que, minutos antes, cometeram um homic\u00eddio no&hellip;<\/p>\n","protected":false},"author":1,"featured_media":123207,"comment_status":"closed","ping_status":"open","sticky":false,"template":"","format":"standard","meta":{"footnotes":""},"categories":[14121],"tags":[13146,34773,34634],"class_list":["post-123205","post","type-post","status-publish","format-standard","has-post-thumbnail","hentry","category-policial","tag-blog-edvaldo-magalhaes","tag-pm-prende-autores-de-homicidio-e-lider-do-grupo-ofereceu-r-20-mil-para-ser-liberado","tag-portal-edvaldo-magalhaes"],"_links":{"self":[{"href":"https:\/\/blogdoedvaldomagalhaes.com.br\/index.php\/wp-json\/wp\/v2\/posts\/123205","targetHints":{"allow":["GET"]}}],"collection":[{"href":"https:\/\/blogdoedvaldomagalhaes.com.br\/index.php\/wp-json\/wp\/v2\/posts"}],"about":[{"href":"https:\/\/blogdoedvaldomagalhaes.com.br\/index.php\/wp-json\/wp\/v2\/types\/post"}],"author":[{"embeddable":true,"href":"https:\/\/blogdoedvaldomagalhaes.com.br\/index.php\/wp-json\/wp\/v2\/users\/1"}],"replies":[{"embeddable":true,"href":"https:\/\/blogdoedvaldomagalhaes.com.br\/index.php\/wp-json\/wp\/v2\/comments?post=123205"}],"version-history":[{"count":1,"href":"https:\/\/blogdoedvaldomagalhaes.com.br\/index.php\/wp-json\/wp\/v2\/posts\/123205\/revisions"}],"predecessor-version":[{"id":123206,"href":"https:\/\/blogdoedvaldomagalhaes.com.br\/index.php\/wp-json\/wp\/v2\/posts\/123205\/revisions\/123206"}],"wp:featuredmedia":[{"embeddable":true,"href":"https:\/\/blogdoedvaldomagalhaes.com.br\/index.php\/wp-json\/wp\/v2\/media\/123207"}],"wp:attachment":[{"href":"https:\/\/blogdoedvaldomagalhaes.com.br\/index.php\/wp-json\/wp\/v2\/media?parent=123205"}],"wp:term":[{"taxonomy":"category","embeddable":true,"href":"https:\/\/blogdoedvaldomagalhaes.com.br\/index.php\/wp-json\/wp\/v2\/categories?post=123205"},{"taxonomy":"post_tag","embeddable":true,"href":"https:\/\/blogdoedvaldomagalhaes.com.br\/index.php\/wp-json\/wp\/v2\/tags?post=123205"}],"curies":[{"name":"wp","href":"https:\/\/api.w.org\/{rel}","templated":true}]}}