{"id":123202,"date":"2025-09-26T11:07:35","date_gmt":"2025-09-26T14:07:35","guid":{"rendered":"https:\/\/blogdoedvaldomagalhaes.com.br\/?p=123202"},"modified":"2025-09-26T11:54:28","modified_gmt":"2025-09-26T14:54:28","slug":"prefeitura-de-caruaru-reforca-cronograma-da-coleta-de-lixo-e-orienta-sobre-o-descarte-correto-de-residuos","status":"publish","type":"post","link":"https:\/\/blogdoedvaldomagalhaes.com.br\/index.php\/2025\/09\/26\/prefeitura-de-caruaru-reforca-cronograma-da-coleta-de-lixo-e-orienta-sobre-o-descarte-correto-de-residuos\/","title":{"rendered":"Prefeitura de Caruaru refor\u00e7a cronograma da coleta de lixo e orienta sobre o descarte correto de res\u00edduos"},"content":{"rendered":"<p>A Prefeitura de Caruaru, por meio da Secretaria de Servi\u00e7os P\u00fablicos (Sesp), refor\u00e7a \u00e0 popula\u00e7\u00e3o os dias e hor\u00e1rios da coleta de lixo em todo o munic\u00edpio. O cronograma atualizado est\u00e1 dispon\u00edvel no site oficial da Prefeitura (https:\/\/caruaru.pe.gov.br\/wp-content\/uploads\/2025\/02\/Media_e79c05c8-6db7-4d22-a354-f093dff528e91669897650616176.pdf) e contempla a \u00e1rea urbana e rural.<\/p>\n<p>Atualmente, alguns bairros contam com coleta di\u00e1ria, de segunda a s\u00e1bado, enquanto outros possuem coleta tr\u00eas vezes por semana, em dias alternados \u2014 \u00e0s segundas, quartas e sextas, ou \u00e0s ter\u00e7as, quintas e s\u00e1bados. Al\u00e9m disso, a zona rural segue um cronograma espec\u00edfico, garantindo que todas as localidades sejam atendidas de forma regular.<\/p>\n<p>A Sesp orienta que o lixo seja colocado nas cal\u00e7adas apenas nos dias e hor\u00e1rios corretos da coleta, evitando o ac\u00famulo de res\u00edduos e o descarte irregular em vias p\u00fablicas, canais e terrenos baldios, que gera diversos transtornos, como alagamentos, enchentes, problemas de mobilidade de pedestres, acidentes e a prolifera\u00e7\u00e3o de insetos, roedores e animais pe\u00e7onhentos.<\/p>\n<p>A popula\u00e7\u00e3o pode contribuir denunciando situa\u00e7\u00f5es de descarte irregular de lixo pelo telefone (81) 98384-6721 ou diretamente na sede da Sesp, localizada na Rua Professor Lourival Vilanova, n\u00ba 118, 2\u00ba andar do Complexo Administrativo II da Prefeitura de Caruaru, no bairro Universit\u00e1rio.<\/p>\n<p>Vale destacar que o descarte incorreto de lixo \u00e9 crime ambiental, conforme a Lei Federal n\u00ba 9.605\/1998. Em Caruaru, a Lei Municipal n\u00ba 7.138\/2023 prev\u00ea multa para o descarte incorreto de lixo, metralhas, galhos e m\u00f3veis velhos. Com a colabora\u00e7\u00e3o da sociedade e o cumprimento do cronograma, Caruaru se mant\u00e9m mais limpa, organizada e sustent\u00e1vel.<br \/>\nSiga o Instagram @portaledvaldomagalhaes<br \/>\nFoto: Divulga\u00e7\u00e3o <\/p>\n","protected":false},"excerpt":{"rendered":"<p>A Prefeitura de Caruaru, por meio da Secretaria de Servi\u00e7os P\u00fablicos (Sesp), refor\u00e7a \u00e0 popula\u00e7\u00e3o os dias e hor\u00e1rios da&hellip;<\/p>\n","protected":false},"author":1,"featured_media":123203,"comment_status":"closed","ping_status":"open","sticky":false,"template":"","format":"standard","meta":{"footnotes":""},"categories":[14120],"tags":[13146,34634,34772],"class_list":["post-123202","post","type-post","status-publish","format-standard","has-post-thumbnail","hentry","category-noticias","tag-blog-edvaldo-magalhaes","tag-portal-edvaldo-magalhaes","tag-prefeitura-de-caruaru-reforca-cronograma-da-coleta-de-lixo-e-orienta-sobre-o-descarte-correto-de-residuos"],"_links":{"self":[{"href":"https:\/\/blogdoedvaldomagalhaes.com.br\/index.php\/wp-json\/wp\/v2\/posts\/123202","targetHints":{"allow":["GET"]}}],"collection":[{"href":"https:\/\/blogdoedvaldomagalhaes.com.br\/index.php\/wp-json\/wp\/v2\/posts"}],"about":[{"href":"https:\/\/blogdoedvaldomagalhaes.com.br\/index.php\/wp-json\/wp\/v2\/types\/post"}],"author":[{"embeddable":true,"href":"https:\/\/blogdoedvaldomagalhaes.com.br\/index.php\/wp-json\/wp\/v2\/users\/1"}],"replies":[{"embeddable":true,"href":"https:\/\/blogdoedvaldomagalhaes.com.br\/index.php\/wp-json\/wp\/v2\/comments?post=123202"}],"version-history":[{"count":1,"href":"https:\/\/blogdoedvaldomagalhaes.com.br\/index.php\/wp-json\/wp\/v2\/posts\/123202\/revisions"}],"predecessor-version":[{"id":123204,"href":"https:\/\/blogdoedvaldomagalhaes.com.br\/index.php\/wp-json\/wp\/v2\/posts\/123202\/revisions\/123204"}],"wp:featuredmedia":[{"embeddable":true,"href":"https:\/\/blogdoedvaldomagalhaes.com.br\/index.php\/wp-json\/wp\/v2\/media\/123203"}],"wp:attachment":[{"href":"https:\/\/blogdoedvaldomagalhaes.com.br\/index.php\/wp-json\/wp\/v2\/media?parent=123202"}],"wp:term":[{"taxonomy":"category","embeddable":true,"href":"https:\/\/blogdoedvaldomagalhaes.com.br\/index.php\/wp-json\/wp\/v2\/categories?post=123202"},{"taxonomy":"post_tag","embeddable":true,"href":"https:\/\/blogdoedvaldomagalhaes.com.br\/index.php\/wp-json\/wp\/v2\/tags?post=123202"}],"curies":[{"name":"wp","href":"https:\/\/api.w.org\/{rel}","templated":true}]}}