{"id":1232,"date":"2018-09-24T15:31:00","date_gmt":"2018-09-24T18:31:00","guid":{"rendered":"http:\/\/blogdoedvaldomagalhaes.com.br\/index.php\/2018\/09\/24\/faculdade-na-comunidade-leva-servicos\/"},"modified":"2019-02-09T02:32:03","modified_gmt":"2019-02-09T04:32:03","slug":"faculdade-na-comunidade-leva-servicos","status":"publish","type":"post","link":"https:\/\/blogdoedvaldomagalhaes.com.br\/index.php\/2018\/09\/24\/faculdade-na-comunidade-leva-servicos\/","title":{"rendered":"\u2019Faculdade na Comunidade\u2019\u2019 leva servi\u00e7os de sa\u00fade gratuitos \u00e0 popula\u00e7\u00e3o nesta quarta-feira (26)"},"content":{"rendered":"<div class=\"separator\" style=\"clear: both; text-align: center;\">\n<\/div>\n<div class=\"separator\" style=\"clear: both; text-align: center;\">\n<a href=\"https:\/\/4.bp.blogspot.com\/-EHGJpii1r1U\/W6kDIxiM3vI\/AAAAAAAA6hw\/ri-e7dPhUwsPJvvapWe6OtaNj9gpaN_dwCLcBGAs\/s1600\/uni.png\" imageanchor=\"1\" style=\"margin-left: 1em; margin-right: 1em;\"><img loading=\"lazy\" decoding=\"async\" border=\"0\" data-original-height=\"900\" data-original-width=\"1200\" height=\"480\" src=\"http:\/\/blogdoedvaldomagalhaes.com.br\/wp-content\/uploads\/2018\/09\/uni.png\" width=\"640\" \/><\/a><\/div>\n<div class=\"MsoNormal\" style=\"background-color: white; text-align: justify; text-indent: 35.4pt;\">\n<\/div>\n<div class=\"MsoNormal\" style=\"background-color: white; text-align: justify; text-indent: 35.4pt;\">\nDiversos cursos da Faculdade UNINASSAU Caruaru estar\u00e3o reunidos nesta quarta-feira (26) em mais uma edi\u00e7\u00e3o do projeto \u2018\u2019Faculdade na Comunidade\u2019\u2019. Os cursos de Biomedicina e Odontologia est\u00e3o \u00e0 frente do projeto, que levar\u00e1 \u00e0 popula\u00e7\u00e3o do bairro do Salgado (o mais populoso da cidade) dezenas de servi\u00e7os e atividades gratuitos. &nbsp;O evento social acontece das 08h30 \u00e0s 12h, em frente \u00e0 sede da Igreja de Deus no Brasil, parceira na realiza\u00e7\u00e3o dessa atividade.<u><\/u><u><\/u><\/div>\n<div class=\"MsoNormal\" style=\"background-color: white; text-align: justify; text-indent: 35.4pt;\">\n<\/div>\n<div class=\"MsoNormal\" style=\"background-color: white; text-align: justify; text-indent: 35.4pt;\">\nEntre os servi\u00e7os de sa\u00fade que ser\u00e3o ofertados est\u00e3o o de escova\u00e7\u00e3o, aplica\u00e7\u00e3o de fl\u00faor, aferi\u00e7\u00e3o de press\u00e3o arterial, medi\u00e7\u00e3o de glicemia capilar, an\u00e1lise por luz de wood (l\u00e2mpada fluorescente que serve para iluminar regi\u00f5es de dif\u00edcil visualiza\u00e7\u00e3o) da pele e couro cabeludo, realiza\u00e7\u00e3o de detec\u00e7\u00e3o de dermatomicoses (infec\u00e7\u00e3o que afeta a pele lisa do tronco, o couro cabeludo, entre outras partes do corpo).<u><\/u><u><\/u><\/div>\n<div class=\"MsoNormal\" style=\"background-color: white; text-align: justify; text-indent: 35.4pt;\">\n<\/div>\n<div class=\"MsoNormal\" style=\"background-color: white; text-align: justify; text-indent: 35.4pt;\">\nAinda ser\u00e3o disponibilizados pesagem e determina\u00e7\u00e3o de IMC (\u00edndice de massa corporal), avalia\u00e7\u00e3o f\u00edsica, orienta\u00e7\u00e3o de descarte de medicamentos e fitoter\u00e1picos. A programa\u00e7\u00e3o reserva tamb\u00e9m a doa\u00e7\u00e3o de mudas de plantas medicinais e orienta\u00e7\u00f5es sobre doen\u00e7as de comorbidades- exist\u00eancia de duas ou mais doen\u00e7as&nbsp;em simult\u00e2neo na mesma pessoa- e qualidade de vida.<u><\/u><u><\/u><\/div>\n<div class=\"MsoNormal\" style=\"background-color: white; text-align: justify; text-indent: 35.4pt;\">\n<\/div>\n<div class=\"MsoNormal\" style=\"background-color: white; text-align: justify; text-indent: 35.4pt;\">\nMais de 200 alunos e dezenas de professores da UNINASSAU participar\u00e3o desse projeto, que \u00e9 realizado em todo o Brasil pelo Grupo Ser Educacional, do qual a IES faz parte, e tem como grande objetivo a articula\u00e7\u00e3o e promo\u00e7\u00e3o de a\u00e7\u00f5es que possibilitem a inter-rela\u00e7\u00e3o entre a faculdade e a comunidade local, regional ou nacional.<u><\/u><u><\/u><\/div>\n<div class=\"MsoNormal\" style=\"background-color: white; text-align: justify; text-indent: 35.4pt;\">\n<\/div>\n<div class=\"MsoNormal\" style=\"background-color: white; text-align: justify; text-indent: 35.4pt;\">\nO coordenador adjunto do curso de Odontologia da Faculdade UNINASSAU Caruaru, R\u00f4nio Galindo, ressalta a import\u00e2ncia desse projeto para a sociedade. \u2018\u2019O Salgado \u00e9 o bairro mais populoso de Caruaru, e por mais que o poder p\u00fablico se esforce, n\u00e3o atinge todas as pessoas. E a gente levando essa a\u00e7\u00e3o de sa\u00fade contribui na melhoria da qualidade de vida para as pessoas que, muitas vezes, n\u00e3o t\u00eam acesso a determinados servi\u00e7os\u2019\u2019, destaca.<u><\/u><u><\/u><\/div>\n<div class=\"MsoNormal\" style=\"background-color: white; text-align: justify; text-indent: 35.4pt;\">\n<\/div>\n<div class=\"MsoNormal\" style=\"background-color: white; text-align: justify; text-indent: 35.4pt;\">\nO coordenador ainda ressalta que esse projeto \u00e9 importante para o estudante pois amplia o contato direto com a popula\u00e7\u00e3o que ser\u00e1 o p\u00fablico alvo deles. \u201cLidar ainda mais com o ser humano e ter a oportunidade de colocar em pr\u00e1tica o que foi vivenciado em sala de aula s\u00e3o os grandes diferenciais para eles. Com a a\u00e7\u00e3o queremos ainda ensinar para os nossos discentes que n\u00e3o \u00e9 apenas num consult\u00f3rio que a gente pode ajudar as pessoas\u2019\u2019, conclui.&nbsp; &nbsp;<u><\/u><u><\/u><\/div>\n<div style=\"text-align: justify;\">\n<\/div>\n","protected":false},"excerpt":{"rendered":"<p>Diversos cursos da Faculdade UNINASSAU Caruaru estar\u00e3o reunidos nesta quarta-feira (26) em mais uma edi\u00e7\u00e3o do projeto \u2018\u2019Faculdade na Comunidade\u2019\u2019.&hellip;<\/p>\n","protected":false},"author":1,"featured_media":0,"comment_status":"open","ping_status":"open","sticky":false,"template":"","format":"standard","meta":{"footnotes":""},"categories":[1],"tags":[250,2,6],"class_list":["post-1232","post","type-post","status-publish","format-standard","hentry","category-sem-categoria","tag-faculdade-na-comunidade-leva-servicos-de-saude-gratuitos-a-populacao-nesta-quarta-feira-26","tag-blog-do-edvaldo-magalhaes","tag-noticias"],"_links":{"self":[{"href":"https:\/\/blogdoedvaldomagalhaes.com.br\/index.php\/wp-json\/wp\/v2\/posts\/1232","targetHints":{"allow":["GET"]}}],"collection":[{"href":"https:\/\/blogdoedvaldomagalhaes.com.br\/index.php\/wp-json\/wp\/v2\/posts"}],"about":[{"href":"https:\/\/blogdoedvaldomagalhaes.com.br\/index.php\/wp-json\/wp\/v2\/types\/post"}],"author":[{"embeddable":true,"href":"https:\/\/blogdoedvaldomagalhaes.com.br\/index.php\/wp-json\/wp\/v2\/users\/1"}],"replies":[{"embeddable":true,"href":"https:\/\/blogdoedvaldomagalhaes.com.br\/index.php\/wp-json\/wp\/v2\/comments?post=1232"}],"version-history":[{"count":1,"href":"https:\/\/blogdoedvaldomagalhaes.com.br\/index.php\/wp-json\/wp\/v2\/posts\/1232\/revisions"}],"predecessor-version":[{"id":34299,"href":"https:\/\/blogdoedvaldomagalhaes.com.br\/index.php\/wp-json\/wp\/v2\/posts\/1232\/revisions\/34299"}],"wp:attachment":[{"href":"https:\/\/blogdoedvaldomagalhaes.com.br\/index.php\/wp-json\/wp\/v2\/media?parent=1232"}],"wp:term":[{"taxonomy":"category","embeddable":true,"href":"https:\/\/blogdoedvaldomagalhaes.com.br\/index.php\/wp-json\/wp\/v2\/categories?post=1232"},{"taxonomy":"post_tag","embeddable":true,"href":"https:\/\/blogdoedvaldomagalhaes.com.br\/index.php\/wp-json\/wp\/v2\/tags?post=1232"}],"curies":[{"name":"wp","href":"https:\/\/api.w.org\/{rel}","templated":true}]}}