{"id":123110,"date":"2025-09-24T18:45:25","date_gmt":"2025-09-24T21:45:25","guid":{"rendered":"https:\/\/blogdoedvaldomagalhaes.com.br\/?p=123110"},"modified":"2025-09-24T18:45:25","modified_gmt":"2025-09-24T21:45:25","slug":"governo-pe-realiza-a-6a-conferencia-estadual-dos-direitos-da-pessoa-idosa-que-nao-era-realizada-desde-2019","status":"publish","type":"post","link":"https:\/\/blogdoedvaldomagalhaes.com.br\/index.php\/2025\/09\/24\/governo-pe-realiza-a-6a-conferencia-estadual-dos-direitos-da-pessoa-idosa-que-nao-era-realizada-desde-2019\/","title":{"rendered":"Governo-PE realiza a 6\u00aa Confer\u00eancia Estadual dos Direitos da Pessoa Idosa, que n\u00e3o era realizada desde 2019"},"content":{"rendered":"<p>O Governo de Pernambuco, por meio da Secretaria de Justi\u00e7a, Direitos Humanos e Preven\u00e7\u00e3o \u00e0 Viol\u00eancia, em parceria com o Conselho Estadual dos Direitos da Pessoa Idosa (CEDPI), realizar\u00e1 a 6\u00aa Confer\u00eancia Estadual dos Direitos da Pessoa Idosa (6\u00aa CONEDIPI), abordando o tema \u201cEnvelhecimento Multicultural e Democracia: Urg\u00eancia por equidade, Direitos e Participa\u00e7\u00e3o\u201d. A iniciativa ocorre ap\u00f3s um per\u00edodo de cinco anos do \u00faltimo encontro. O evento acontecer\u00e1 nos dias 29 e 30 de Setembro, no Hotel Casa Grande, no Agreste do estado.<\/p>\n<p>A CONEDPI tem como objetivo identificar os desafios do envelhecimento plural em Pernambuco, promovendo a sensibiliza\u00e7\u00e3o da sociedade e mobilizando especialmente as pessoas idosas para garantir que est\u00e1 fase da sua vida seja digna. Al\u00e9m disso, busca-se garantir a participa\u00e7\u00e3o social, debater temas relevantes e construir a\u00e7\u00f5es de equidade, articulando esfor\u00e7os intermunicipais e elegendo delegados para a VI Confer\u00eancia Nacional de Defesa dos Direitos da Pessoa Idosa.<\/p>\n<p>\u201cEste espa\u00e7o \u00e9 resultado de uma parceria s\u00f3lida entre o Governo de Pernambuco e o Conselho Estadual dos Direitos da Pessoa Idosa. Ele reflete o compromisso da governadora Raquel Lyra com a democracia participativa e com a valoriza\u00e7\u00e3o da voz das pessoas idosas em nosso estado. Garantir que a popula\u00e7\u00e3o participe ativamente das decis\u00f5es que impactam suas vidas \u00e9 fortalecer Pernambuco como um lugar de equidade e respeito \u00e0s m\u00faltiplas formas de envelhecimento\u201d, destacou Joanna Figueir\u00eado, Secret\u00e1ria de Justi\u00e7a, Direitos Humanos e Preven\u00e7\u00e3o \u00e1 Viol\u00eancia<\/p>\n<p>\u201cA  confer\u00eancia \u00e9 um meio de fortalecer a participa\u00e7\u00e3o social, com  debate coletivo promovendo interc\u00e2mbio de ideias. Atualmente 15% da popula\u00e7\u00e3o brasileira tem 60 anos ou mais,  com isso a urg\u00eancia em aprovar pol\u00edticas p\u00fablicas voltadas para essa faixa et\u00e1ria, assim como a conscientiza\u00e7\u00e3o da popula\u00e7\u00e3o, em geral, na defesa dessa tem\u00e1tica\u201d, disse Ayna Miranda, Presidente do CEDPI.  <\/p>\n<p>Para estruturar as discuss\u00f5es sobre os Direitos da Pessoa Idosa em Pernambuco e ampliar o debate, foram definidos cinco eixos tem\u00e1ticos: <\/p>\n<p>Eixo 1 &#8211; Financiamento das pol\u00edticas p\u00fablicas para amplia\u00e7\u00e3o e garantia dos direitos sociais; <\/p>\n<p>Eixo 2 &#8211; Fortalecimento de pol\u00edticas para a prote\u00e7\u00e3o \u00e0 vida, \u00e0 sa\u00fade e para o acesso ao cuidado integral da pessoa idosa; <\/p>\n<p>Eixo 3 &#8211; Prote\u00e7\u00e3o e enfrentamento contra quaisquer formas de viol\u00eancia, abandono social e familiar da pessoa idosa; <\/p>\n<p>Eixo 4 &#8211; Participa\u00e7\u00e3o social, protagonismo e vida comunit\u00e1ria na perspectiva das m\u00faltiplas velhices; <\/p>\n<p>Eixo 5 &#8211; Consolida\u00e7\u00e3o e fortalecimento da atua\u00e7\u00e3o dos conselhos de direitos da pessoa idosa como pol\u00edtica do estado brasileiro. <\/p>\n<p>O evento contar\u00e1 com a presen\u00e7a de representantes eleitos em confer\u00eancias municipais e intermunicipais, membros das comiss\u00f5es organizadoras municipais, al\u00e9m de convidados e observadores. <\/p>\n<p>Cerca de 373 delegados estaduais participar\u00e3o da confer\u00eancia e ter\u00e3o a responsabilidade de eleger os 46 representantes de Pernambuco para a etapa nacional. Esses representantes incluir\u00e3o membros do setor p\u00fablico, da iniciativa privada e da sociedade civil.<\/p>\n<p>Durante o evento, ser\u00e3o analisadas e votadas 300 propostas relacionadas aos cinco eixos tem\u00e1ticos, previamente coletadas nas confer\u00eancias municipais organizadas por prefeituras e cons\u00f3rcios intermunicipais, al\u00e9m de confer\u00eancias livres promovidas por entidades da sociedade civil. Os delegados estaduais ter\u00e3o a miss\u00e3o de selecionar at\u00e9 20 dessas proposi\u00e7\u00f5es para serem encaminhadas \u00e0 Confer\u00eancia Nacional dos Direitos da Pessoa Idosa.<br \/>\nSeja seguidor do Instagram @portaledvaldomagalhaes<br \/>\nFoto: Charlles Arthur\/SJDH<\/p>\n","protected":false},"excerpt":{"rendered":"<p>O Governo de Pernambuco, por meio da Secretaria de Justi\u00e7a, Direitos Humanos e Preven\u00e7\u00e3o \u00e0 Viol\u00eancia, em parceria com o&hellip;<\/p>\n","protected":false},"author":1,"featured_media":123111,"comment_status":"closed","ping_status":"open","sticky":false,"template":"","format":"standard","meta":{"footnotes":""},"categories":[14120],"tags":[13146,34744,6,34634],"class_list":["post-123110","post","type-post","status-publish","format-standard","has-post-thumbnail","hentry","category-noticias","tag-blog-edvaldo-magalhaes","tag-governo-pe-realiza-a-6a-conferencia-estadual-dos-direitos-da-pessoa-idosa","tag-noticias","tag-portal-edvaldo-magalhaes"],"_links":{"self":[{"href":"https:\/\/blogdoedvaldomagalhaes.com.br\/index.php\/wp-json\/wp\/v2\/posts\/123110","targetHints":{"allow":["GET"]}}],"collection":[{"href":"https:\/\/blogdoedvaldomagalhaes.com.br\/index.php\/wp-json\/wp\/v2\/posts"}],"about":[{"href":"https:\/\/blogdoedvaldomagalhaes.com.br\/index.php\/wp-json\/wp\/v2\/types\/post"}],"author":[{"embeddable":true,"href":"https:\/\/blogdoedvaldomagalhaes.com.br\/index.php\/wp-json\/wp\/v2\/users\/1"}],"replies":[{"embeddable":true,"href":"https:\/\/blogdoedvaldomagalhaes.com.br\/index.php\/wp-json\/wp\/v2\/comments?post=123110"}],"version-history":[{"count":1,"href":"https:\/\/blogdoedvaldomagalhaes.com.br\/index.php\/wp-json\/wp\/v2\/posts\/123110\/revisions"}],"predecessor-version":[{"id":123112,"href":"https:\/\/blogdoedvaldomagalhaes.com.br\/index.php\/wp-json\/wp\/v2\/posts\/123110\/revisions\/123112"}],"wp:featuredmedia":[{"embeddable":true,"href":"https:\/\/blogdoedvaldomagalhaes.com.br\/index.php\/wp-json\/wp\/v2\/media\/123111"}],"wp:attachment":[{"href":"https:\/\/blogdoedvaldomagalhaes.com.br\/index.php\/wp-json\/wp\/v2\/media?parent=123110"}],"wp:term":[{"taxonomy":"category","embeddable":true,"href":"https:\/\/blogdoedvaldomagalhaes.com.br\/index.php\/wp-json\/wp\/v2\/categories?post=123110"},{"taxonomy":"post_tag","embeddable":true,"href":"https:\/\/blogdoedvaldomagalhaes.com.br\/index.php\/wp-json\/wp\/v2\/tags?post=123110"}],"curies":[{"name":"wp","href":"https:\/\/api.w.org\/{rel}","templated":true}]}}