{"id":123103,"date":"2025-09-24T08:30:02","date_gmt":"2025-09-24T11:30:02","guid":{"rendered":"https:\/\/blogdoedvaldomagalhaes.com.br\/?p=123103"},"modified":"2025-09-24T08:30:02","modified_gmt":"2025-09-24T11:30:02","slug":"caruaru-sera-sede-do-ii-congresso-de-direito-do-instituto-cme-o-maior-evento-juridico-do-interior-de-pernambuco","status":"publish","type":"post","link":"https:\/\/blogdoedvaldomagalhaes.com.br\/index.php\/2025\/09\/24\/caruaru-sera-sede-do-ii-congresso-de-direito-do-instituto-cme-o-maior-evento-juridico-do-interior-de-pernambuco\/","title":{"rendered":"Caruaru ser\u00e1 sede do II Congresso de Direito do Instituto CME, o maior evento jur\u00eddico do Interior de Pernambuco"},"content":{"rendered":"<p>No pr\u00f3ximo 12 de novembro, Caruaru ser\u00e1 palco de um dos encontros jur\u00eddicos mais relevantes do Estado. O Instituto CME promove, no audit\u00f3rio do Senac Caruaru, o II Congresso de Direito, reunindo grandes especialistas que ir\u00e3o compartilhar experi\u00eancias, debates e insights capazes de transformar a jornada de estudantes, advogados e profissionais do setor.<\/p>\n<p>Com uma programa\u00e7\u00e3o diversificada, o evento promete trazer discuss\u00f5es de alto n\u00edvel sobre os principais desafios e tend\u00eancias da advocacia contempor\u00e2nea. Al\u00e9m de pain\u00e9is tem\u00e1ticos, o p\u00fablico ter\u00e1 a oportunidade de participar de palestras e trocar experi\u00eancias com nomes de destaque no cen\u00e1rio jur\u00eddico pernambucano e nacional.<\/p>\n<p>\u201cO nosso objetivo \u00e9 oferecer um espa\u00e7o de aprendizado, networking e fortalecimento profissional, reunindo em Caruaru refer\u00eancias do Direito que v\u00e3o contribuir diretamente para a forma\u00e7\u00e3o e atualiza\u00e7\u00e3o dos participantes\u201d, destaca o presidente do Instituto CME, Lucas Costa.<\/p>\n<p>O II Congresso de Direito do Instituto CME \u00e9 considerado o maior evento jur\u00eddico do Interior de Pernambuco e deve atrair n\u00e3o apenas advogados e estudantes de Direito, mas tamb\u00e9m empres\u00e1rios e profissionais interessados nas transforma\u00e7\u00f5es que impactam o mundo jur\u00eddico e a sociedade.<br \/>\nSeja seguidor do Instagram @portaledvaldomagalhaes<br \/>\nFoto: Divulga\u00e7\u00e3o <\/p>\n","protected":false},"excerpt":{"rendered":"<p>No pr\u00f3ximo 12 de novembro, Caruaru ser\u00e1 palco de um dos encontros jur\u00eddicos mais relevantes do Estado. O Instituto CME&hellip;<\/p>\n","protected":false},"author":1,"featured_media":123104,"comment_status":"closed","ping_status":"open","sticky":false,"template":"","format":"standard","meta":{"footnotes":""},"categories":[14120],"tags":[13146,34742,6,34634],"class_list":["post-123103","post","type-post","status-publish","format-standard","has-post-thumbnail","hentry","category-noticias","tag-blog-edvaldo-magalhaes","tag-caruaru-sera-sede-do-ii-congresso-de-direito-do-instituto-cme","tag-noticias","tag-portal-edvaldo-magalhaes"],"_links":{"self":[{"href":"https:\/\/blogdoedvaldomagalhaes.com.br\/index.php\/wp-json\/wp\/v2\/posts\/123103","targetHints":{"allow":["GET"]}}],"collection":[{"href":"https:\/\/blogdoedvaldomagalhaes.com.br\/index.php\/wp-json\/wp\/v2\/posts"}],"about":[{"href":"https:\/\/blogdoedvaldomagalhaes.com.br\/index.php\/wp-json\/wp\/v2\/types\/post"}],"author":[{"embeddable":true,"href":"https:\/\/blogdoedvaldomagalhaes.com.br\/index.php\/wp-json\/wp\/v2\/users\/1"}],"replies":[{"embeddable":true,"href":"https:\/\/blogdoedvaldomagalhaes.com.br\/index.php\/wp-json\/wp\/v2\/comments?post=123103"}],"version-history":[{"count":1,"href":"https:\/\/blogdoedvaldomagalhaes.com.br\/index.php\/wp-json\/wp\/v2\/posts\/123103\/revisions"}],"predecessor-version":[{"id":123105,"href":"https:\/\/blogdoedvaldomagalhaes.com.br\/index.php\/wp-json\/wp\/v2\/posts\/123103\/revisions\/123105"}],"wp:featuredmedia":[{"embeddable":true,"href":"https:\/\/blogdoedvaldomagalhaes.com.br\/index.php\/wp-json\/wp\/v2\/media\/123104"}],"wp:attachment":[{"href":"https:\/\/blogdoedvaldomagalhaes.com.br\/index.php\/wp-json\/wp\/v2\/media?parent=123103"}],"wp:term":[{"taxonomy":"category","embeddable":true,"href":"https:\/\/blogdoedvaldomagalhaes.com.br\/index.php\/wp-json\/wp\/v2\/categories?post=123103"},{"taxonomy":"post_tag","embeddable":true,"href":"https:\/\/blogdoedvaldomagalhaes.com.br\/index.php\/wp-json\/wp\/v2\/tags?post=123103"}],"curies":[{"name":"wp","href":"https:\/\/api.w.org\/{rel}","templated":true}]}}