{"id":1231,"date":"2018-09-24T15:52:00","date_gmt":"2018-09-24T18:52:00","guid":{"rendered":"http:\/\/blogdoedvaldomagalhaes.com.br\/index.php\/2018\/09\/24\/resultado-da-pesquisa-btg-pactual-para\/"},"modified":"2019-02-09T02:32:03","modified_gmt":"2019-02-09T04:32:03","slug":"resultado-da-pesquisa-btg-pactual-para","status":"publish","type":"post","link":"https:\/\/blogdoedvaldomagalhaes.com.br\/index.php\/2018\/09\/24\/resultado-da-pesquisa-btg-pactual-para\/","title":{"rendered":"Resultado da pesquisa BTG Pactual para presidente nesta segunda (24)"},"content":{"rendered":"<div class=\"separator\" style=\"clear: both; text-align: center;\">\n<a href=\"https:\/\/4.bp.blogspot.com\/-8SgB3Wz_72A\/W6kHc0xQYRI\/AAAAAAAA6iQ\/nOf5qthrcRIsSux0IOibBiT4qmvn_jp-gCLcBGAs\/s1600\/bolsdono.jpg\" imageanchor=\"1\" style=\"margin-left: 1em; margin-right: 1em;\"><img loading=\"lazy\" decoding=\"async\" border=\"0\" data-original-height=\"330\" data-original-width=\"445\" height=\"474\" src=\"http:\/\/blogdoedvaldomagalhaes.com.br\/wp-content\/uploads\/2018\/09\/bolsdono.jpg\" width=\"640\" \/><\/a><\/div>\n<div style=\"background-color: white; border: 0px; margin-bottom: 1.5em; outline: 0px; padding: 0px; text-align: justify; vertical-align: baseline;\">\n<strong style=\"border: 0px; font-style: inherit; margin: 0px; outline: 0px; padding: 0px; vertical-align: baseline;\"><br \/><\/strong><\/div>\n<div style=\"background-color: white; border: 0px; margin-bottom: 1.5em; outline: 0px; padding: 0px; text-align: justify; vertical-align: baseline;\">\n<strong style=\"border: 0px; font-style: inherit; margin: 0px; outline: 0px; padding: 0px; vertical-align: baseline;\">Da Infomoney<\/strong><\/div>\n<div style=\"background-color: white; border: 0px; margin-bottom: 1.5em; outline: 0px; padding: 0px; text-align: justify; vertical-align: baseline;\">\nFoi divulgado na madrugada desta segunda-feira (24) a primeira pesquisa da semana, do BTG Pactual. Os dados foram coletados entre s\u00e1bado e domingo pela FSB.<\/div>\n<div style=\"background-color: white; border: 0px; margin-bottom: 1.5em; outline: 0px; padding: 0px; text-align: justify; vertical-align: baseline;\">\nJair Bolsonaro aparece em primeiro lugar com 33% das inten\u00e7\u00f5es de votos, dez pontos \u00e0 frente de Fernando Haddad, que subiu 7 pontos em 7 dias e chegou a 23%. Os outros candidatos j\u00e1 foram descartados pelo eleitorado: Ciro Gomes (10%), Geraldo Alckmin (8%), Marina Silva (5%), Jo\u00e3o Amo\u00eado (3%), Henrique Meirelles (3%).<\/div>\n<div style=\"background-color: white; border: 0px; margin-bottom: 1.5em; outline: 0px; padding: 0px; text-align: justify; vertical-align: baseline;\">\nO levantamento foi realizado entre os dias 22 e 23 de setembro com 2000 eleitores e a margem de erro \u00e9 de 2 pontos percentuais, para mais ou para menos.<\/div>\n<div style=\"background-color: white; border: 0px; margin-bottom: 1.5em; outline: 0px; padding: 0px; text-align: justify; vertical-align: baseline;\">\n<b>Espont\u00e2nea<\/b><\/div>\n<div style=\"background-color: white; border: 0px; margin-bottom: 1.5em; outline: 0px; padding: 0px; text-align: justify; vertical-align: baseline;\">\nNo cen\u00e1rio espont\u00e2neo, a inten\u00e7\u00e3o de voto de Bolsonaro oscilou de 30% para 31%, de uma semana para outra, enquanto Fernando Haddad passou de 12% para 17% e se consolidou na segunda posi\u00e7\u00e3o (duas semanas atr\u00e1s, ele tinha apenas 3% das inten\u00e7\u00f5es de voto espont\u00e2nea). J\u00e1 Ciro Gomes (PDT) mostrou estabilidade, oscilando negativamente de 8% para 7%. Geraldo Alckmin (PSDB) oscilou positivamente no limite da margem de erro de 2% para 4%, Jo\u00e3o Amo\u00eado (Novo) oscilou negativamente de 3% para 2%, mesmo percentual de Marina Silva (Rede), que manteve o percentual da \u00faltima semana. A inten\u00e7\u00e3o de voto de Lula despencou de 6% para 2%, com o eleitorado identificando cada vez mais que Haddad \u00e9 o nome para a disputa eleitoral do PT ap\u00f3s a candidatura do ex-presidente ter sido barrada pelo TSE (Tribunal Superior Eleitoral).<\/div>\n<div style=\"background-color: white; border: 0px; margin-bottom: 1.5em; outline: 0px; padding: 0px; text-align: justify; vertical-align: baseline;\">\n\u00c1lvaro Dias (PODE) e Henrique Meirelles (MDB) se mantiveram com 1%, enquanto os demais n\u00e3o pontuaram. N\u00e3o sabem ou n\u00e3o responderam oscilaram de 22% para 21%, n\u00e3o votariam em ningu\u00e9m continuaram em 8%, enquanto brancos e nulos foram de 4% para 3% em uma semana.<\/div>\n<div style=\"background-color: white; border: 0px; margin-bottom: 1.5em; outline: 0px; padding: 0px; text-align: justify; vertical-align: baseline;\">\nOs eleitores de Bolsonaro tamb\u00e9m s\u00e3o aqueles cuja certeza do voto \u00e9 maior. Para 86% deles a decis\u00e3o de voto \u00e9 definitiva, sendo seguido pelos de Haddad (84%), Amo\u00eado (66%),&nbsp; Alvaro Dias (58%), Ciro (58%),&nbsp;Alckmin (56%), Meirelles (54%) e Marina (42%). Vale destacar que 61% dos que disseram votar branco\/nulo apontaram ter certeza do seu voto, enquanto 67% dos que disseram votar em ningu\u00e9m\/nenhum disseram estar decididos.<\/p>\n<div style=\"border: 0px; margin-bottom: 1.5em; outline: 0px; padding: 0px; text-align: justify; vertical-align: baseline;\">\nPela segunda vez, o levantamento fez uma simula\u00e7\u00e3o de segundo turno (todas com Bolsonaro) e mostrou um cen\u00e1rio, ainda que t\u00edmido, de crescimento dos advers\u00e1rios do candidato do PSL. Bolsonaro, que antes vencia Haddad, Alckmin e Marina e empatava com Ciro, agora ganha apenas de Marina, empatando tecnicamente com os demais candidatos.<\/div>\n<div style=\"border: 0px; margin-bottom: 1.5em; outline: 0px; padding: 0px; text-align: justify; vertical-align: baseline;\">\nQuando o cen\u00e1rio \u00e9 Bolsonaro contra Ciro, h\u00e1 um empate t\u00e9cnico, com 43% votando no candidato do PDT e 41% apoiando o candidato do PSL; na semana passada, ambos apareciam com 42%.&nbsp;5% dizem votar branco\/nulo, 9% em ningu\u00e9m e 2% n\u00e3o sabem ou n\u00e3o responderam.<\/div>\n<div style=\"border: 0px; margin-bottom: 1.5em; outline: 0px; padding: 0px; text-align: justify; vertical-align: baseline;\">\nEntre Bolsonaro e Haddad, a situa\u00e7\u00e3o passou a ser de empate t\u00e9cnico, no limite da margem de erro. 44% disseram votar no candidato do PSL e 40% apontaram votar no petista; semana passada, 46% disseram votar em Bolsonaro ante 38% que votariam no petista. Quando confrontado com Alckmin, Bolsonaro oscilou de 43% na semana passada para 41% dos votos, enquanto o tucano subiu de 36% para 40%, configurando mais uma situa\u00e7\u00e3o de empate t\u00e9cnico. A maior diferen\u00e7a \u00e9 contra Marina Silva: 46% do candidato do PSL ante 34% da candidata da Rede; na semana passada, ele possu\u00eda 48% ante 33% da ex-senadora.<\/div>\n<div style=\"border: 0px; margin-bottom: 1.5em; outline: 0px; padding: 0px; text-align: justify; vertical-align: baseline;\">\nPotencial de voto X rejei\u00e7\u00e3o<\/div>\n<div style=\"border: 0px; margin-bottom: 1.5em; outline: 0px; padding: 0px; text-align: justify; vertical-align: baseline;\">\nCom rela\u00e7\u00e3o ao potencial de voto (porcentagem dos que poderiam votar em um determinado candidato), Bolsonaro deixou a dianteira e passou de 48% para 46%, enquanto Ciro Gomes ficou empatado com o presidenci\u00e1vel do PSL ao oscilar positivamente de 45% para 46%. J\u00e1 Alckmin subiu de 39% para 47%&nbsp;de uma semana para outra e ficando em primeiro lugar numericamente. Fernando Haddad subiu de 36% para 41%, sendo seguido por Marina, que oscilou negativamente de 36% para 35%.<\/div>\n<div style=\"border: 0px; margin-bottom: 1.5em; outline: 0px; padding: 0px; text-align: justify; vertical-align: baseline;\">\nMeirelles aparece em seguida ao subir de 19%&nbsp;de potencial de voto da semana passada para 25%,&nbsp;Alvaro Dias seguiu em 22%, enquanto&nbsp;Amo\u00eado oscilou de 16% para 18%.&nbsp;Cabo Daciolo e Guilherme Boulos (PSOL) t\u00eam 8% de potencial de voto, seguido por Jo\u00e3o Goulart Filho (PPL), com 7%, enquanto&nbsp;Jos\u00e9 Maria Eymael (DC) registra 6% de potencial de voto e&nbsp;Vera L\u00facia (PSTU) tem 6%.<\/div>\n<p><\/p>\n<div style=\"border: 0px; margin-bottom: 1.5em; outline: 0px; padding: 0px; text-align: justify; vertical-align: baseline;\">\nJ\u00e1 Marina Silva segue na dianteira na lista de maior rejei\u00e7\u00e3o \u2013&nbsp; ou seja, a porcentagem de quem n\u00e3o votaria \u201cde jeito nenhum\u201d no candidato\/candidata -, com oscila\u00e7\u00e3o de 58% para 60%. Bolsonaro, Haddad, Meirelles e Eymael est\u00e3o empatados em segundo lugar entre os mais rejeitados, com 48%; a rejei\u00e7\u00e3o do candidato do PSL subiu ante os 45% da semana passada, enquanto a dos demais se manteve.&nbsp;Alckmin caiu em termos de rejei\u00e7\u00e3o, passando de 53% para 47%, empatando com Ciro Gomes, que tinha 46% na semana passada.<\/div>\n<\/div>\n","protected":false},"excerpt":{"rendered":"<p>Da Infomoney Foi divulgado na madrugada desta segunda-feira (24) a primeira pesquisa da semana, do BTG Pactual. Os dados foram&hellip;<\/p>\n","protected":false},"author":1,"featured_media":0,"comment_status":"open","ping_status":"open","sticky":false,"template":"","format":"standard","meta":{"footnotes":""},"categories":[1],"tags":[2,20,1189],"class_list":["post-1231","post","type-post","status-publish","format-standard","hentry","category-sem-categoria","tag-blog-do-edvaldo-magalhaes","tag-politica","tag-resultado-da-pesquisa-btg-pactual-para-presidente-nesta-segunda-24"],"_links":{"self":[{"href":"https:\/\/blogdoedvaldomagalhaes.com.br\/index.php\/wp-json\/wp\/v2\/posts\/1231","targetHints":{"allow":["GET"]}}],"collection":[{"href":"https:\/\/blogdoedvaldomagalhaes.com.br\/index.php\/wp-json\/wp\/v2\/posts"}],"about":[{"href":"https:\/\/blogdoedvaldomagalhaes.com.br\/index.php\/wp-json\/wp\/v2\/types\/post"}],"author":[{"embeddable":true,"href":"https:\/\/blogdoedvaldomagalhaes.com.br\/index.php\/wp-json\/wp\/v2\/users\/1"}],"replies":[{"embeddable":true,"href":"https:\/\/blogdoedvaldomagalhaes.com.br\/index.php\/wp-json\/wp\/v2\/comments?post=1231"}],"version-history":[{"count":1,"href":"https:\/\/blogdoedvaldomagalhaes.com.br\/index.php\/wp-json\/wp\/v2\/posts\/1231\/revisions"}],"predecessor-version":[{"id":34301,"href":"https:\/\/blogdoedvaldomagalhaes.com.br\/index.php\/wp-json\/wp\/v2\/posts\/1231\/revisions\/34301"}],"wp:attachment":[{"href":"https:\/\/blogdoedvaldomagalhaes.com.br\/index.php\/wp-json\/wp\/v2\/media?parent=1231"}],"wp:term":[{"taxonomy":"category","embeddable":true,"href":"https:\/\/blogdoedvaldomagalhaes.com.br\/index.php\/wp-json\/wp\/v2\/categories?post=1231"},{"taxonomy":"post_tag","embeddable":true,"href":"https:\/\/blogdoedvaldomagalhaes.com.br\/index.php\/wp-json\/wp\/v2\/tags?post=1231"}],"curies":[{"name":"wp","href":"https:\/\/api.w.org\/{rel}","templated":true}]}}