{"id":123096,"date":"2025-09-23T21:30:34","date_gmt":"2025-09-24T00:30:34","guid":{"rendered":"https:\/\/blogdoedvaldomagalhaes.com.br\/?p=123096"},"modified":"2025-09-23T21:33:38","modified_gmt":"2025-09-24T00:33:38","slug":"vereadores-delegado-lessa-gil-bobinho-e-mano-do-som-confirmam-visita-ao-autodromo-de-caruaru-nesta-quarta-feira-24","status":"publish","type":"post","link":"https:\/\/blogdoedvaldomagalhaes.com.br\/index.php\/2025\/09\/23\/vereadores-delegado-lessa-gil-bobinho-e-mano-do-som-confirmam-visita-ao-autodromo-de-caruaru-nesta-quarta-feira-24\/","title":{"rendered":"Vereadores Delegado Lessa, Gil Bobinho e Mano do Som confirmam visita ao Aut\u00f3dromo de Caruaru, nesta quarta-feira (24)"},"content":{"rendered":"<p>Nesta quarta-feira 24 de setembro de 2025, \u00e0s 15h, os vereadores Delegado Lessa, Gil Bobinho e Mano do Som far\u00e3o uma visita ao aut\u00f3dromo de Caruaru com intuito de verificar o andamento das interven\u00e7\u00f5es do poder p\u00fablico municipal. A visita tamb\u00e9m contar\u00e1 com a presen\u00e7a de representante da secretaria de projetos estrat\u00e9gicos de Caruaru e ser\u00e1 fiscalizado se foi iniciado algum tipo de obra e se houve algum avan\u00e7o nas melhorias propostas e amplamente divulgada pela prefeitura na revitaliza\u00e7\u00e3o desse equipamento t\u00e3o importante para nossa cidade.<br \/>\nSiga o Instagram @portaledvaldomagalhaes<\/span><\/p>\n","protected":false},"excerpt":{"rendered":"<p>Nesta quarta-feira 24 de setembro de 2025, \u00e0s 15h, os vereadores Delegado Lessa, Gil Bobinho e Mano do Som far\u00e3o&hellip;<\/p>\n","protected":false},"author":1,"featured_media":123098,"comment_status":"closed","ping_status":"open","sticky":false,"template":"","format":"standard","meta":{"footnotes":""},"categories":[14122],"tags":[13146,20,34634],"class_list":["post-123096","post","type-post","status-publish","format-standard","has-post-thumbnail","hentry","category-politica","tag-blog-edvaldo-magalhaes","tag-politica","tag-portal-edvaldo-magalhaes"],"_links":{"self":[{"href":"https:\/\/blogdoedvaldomagalhaes.com.br\/index.php\/wp-json\/wp\/v2\/posts\/123096","targetHints":{"allow":["GET"]}}],"collection":[{"href":"https:\/\/blogdoedvaldomagalhaes.com.br\/index.php\/wp-json\/wp\/v2\/posts"}],"about":[{"href":"https:\/\/blogdoedvaldomagalhaes.com.br\/index.php\/wp-json\/wp\/v2\/types\/post"}],"author":[{"embeddable":true,"href":"https:\/\/blogdoedvaldomagalhaes.com.br\/index.php\/wp-json\/wp\/v2\/users\/1"}],"replies":[{"embeddable":true,"href":"https:\/\/blogdoedvaldomagalhaes.com.br\/index.php\/wp-json\/wp\/v2\/comments?post=123096"}],"version-history":[{"count":2,"href":"https:\/\/blogdoedvaldomagalhaes.com.br\/index.php\/wp-json\/wp\/v2\/posts\/123096\/revisions"}],"predecessor-version":[{"id":123099,"href":"https:\/\/blogdoedvaldomagalhaes.com.br\/index.php\/wp-json\/wp\/v2\/posts\/123096\/revisions\/123099"}],"wp:featuredmedia":[{"embeddable":true,"href":"https:\/\/blogdoedvaldomagalhaes.com.br\/index.php\/wp-json\/wp\/v2\/media\/123098"}],"wp:attachment":[{"href":"https:\/\/blogdoedvaldomagalhaes.com.br\/index.php\/wp-json\/wp\/v2\/media?parent=123096"}],"wp:term":[{"taxonomy":"category","embeddable":true,"href":"https:\/\/blogdoedvaldomagalhaes.com.br\/index.php\/wp-json\/wp\/v2\/categories?post=123096"},{"taxonomy":"post_tag","embeddable":true,"href":"https:\/\/blogdoedvaldomagalhaes.com.br\/index.php\/wp-json\/wp\/v2\/tags?post=123096"}],"curies":[{"name":"wp","href":"https:\/\/api.w.org\/{rel}","templated":true}]}}